{"id":11667,"date":"2025-11-22T15:21:30","date_gmt":"2025-11-22T14:21:30","guid":{"rendered":"https:\/\/www.cartaecartiere.com\/?p=11667"},"modified":"2025-11-22T15:21:30","modified_gmt":"2025-11-22T14:21:30","slug":"la-filiera-del-cartone-ondulato-si-confronta-sulle-nuove-sfide-europee","status":"publish","type":"post","link":"https:\/\/www.cartaecartiere.com\/en\/la-filiera-del-cartone-ondulato-si-confronta-sulle-nuove-sfide-europee\/","title":{"rendered":"La filiera del cartone ondulato si confronta sulle nuove sfide europee"},"content":{"rendered":"\n<p class=\"has-drop-cap\">Si \u00e8 svolta lo scorso ottobre, sulle rive del Lago di Garda a Bardolino, l\u2019Assemblea Nazionale dell\u2019Associazione Italiana Scatolifici. L\u2019evento, che ha riunito circa 130 persone tra associati e partner, si \u00e8 confermato come appuntamento di riferimento per gli scatolifici trasformatori italiani e per i loro interlocutori commerciali, rappresentando un momento di incontro, condivisione e aggiornamento su temi economici, normativi e strategici per il comparto. <\/p>\n\n\n\n<p>Il confronto ha posto al centro l\u2019analisi dello scenario economico e del settore degli imballaggi cellulosici, con particolare attenzione alle previsioni di chiusura del 2025. Nonostante un contesto generale caratterizzato da una ripresa ancora fragile, gli scatolifici trasformatori hanno delineato un quadro complessivamente positivo: la maggior parte delle imprese associate ha registrato stabilit\u00e0 o crescita in termini di capacit\u00e0 produttiva, fatturato e prospettive per il futuro. <\/p>\n\n\n\n<p>Tra i temi pi\u00f9 sentiti sono emerse le preoccupazioni legate agli adeguamenti richiesti dalle normative europee PPWR e EUDR, che impongono nuovi obblighi in materia di imballaggi e approvvigionamento sostenibile delle materie prime. <\/p>\n\n\n\n<p>Queste tematiche sono state indicate dagli associati come prioritarie per il 2026, insieme alla necessit\u00e0 di un supporto continuo da parte dell\u2019Associazione su leggi, regolamenti e adempimenti di compliance. Il rafforzamento della cooperazione tra imprese e la formazione tecnica e manageriale restano ulteriori punti centrali della programmazione per il prossimo anno. <\/p>\n\n\n<style>\n\t#block_241947addf94804aae982cd3bfed6eab{\n\t\tbackground-color: #d1eafa;\n\t\tcolor:  \t}\n\n\t#block_241947addf94804aae982cd3bfed6eab h1,\n\t#block_241947addf94804aae982cd3bfed6eab h2,\n\t#block_241947addf94804aae982cd3bfed6eab h3,\n\t#block_241947addf94804aae982cd3bfed6eab h4,\n\t#block_241947addf94804aae982cd3bfed6eab h5,\n\t#block_241947addf94804aae982cd3bfed6eab h6{\n\t\tcolor:  \t}\n<\/style>\n<div class=\"clearfix cec-box-informativo p-3\" id=\"block_241947addf94804aae982cd3bfed6eab\" style=\"\">\n\t<div class=\"acf-innerblocks-container\">\n\n<h2 class=\"wp-block-heading\">Associazione Italiana Scatolifici<\/h2>\n\n\n\n<p class=\"has-drop-cap\">Nata nel 2011 come Consorzio privato (CIS), l\u2019<strong>Associazione Italiana Scatolifici<\/strong> riunisce produttori di imballaggi in cartone ondulato con l\u2019obiettivo di tutelare una categoria strategica per la filiera cartaria italiana. Nel 2015 il Consorzio si \u00e8 trasformato in Associazione, ampliando le proprie funzioni e il proprio raggio d\u2019azione. Oggi conta un centinaio di aziende associate per un totale di oltre 2.000 dipendenti e promuove la responsabilit\u00e0 sociale, la qualit\u00e0 del lavoro e la sostenibilit\u00e0 produttiva, contribuendo a definire un quadro etico e competitivo per l\u2019intero settore.<\/p>\n\n<\/div>\n<\/div>\n\n\n\n<p>Nel suo intervento, il Presidente dell\u2019Associazione Italiana Scatolifici, <strong>Andrea Mecarozzi<\/strong>, ha illustrato i principali progetti sviluppati nel 2025, fortemente incentrati sul dialogo con le istituzioni e sul consolidamento della rappresentanza del comparto. <\/p>\n\n\n<div class=\"cecAdv-banner-wrap\">\n\t<div class=\"cecAdv\"  data-advshow=\"advframe-11667\">\n\t\t<a href=\"\" target=\"_blank\">\n\t\t\t<img decoding=\"async\" src=\"https:\/\/www.cartaecartiere.com\/wp-content\/uploads\/2025\/11\/Bett-Sistemi.jpg\" no-lazy\/>\n\t\t<\/a>\n\t<\/div>\n<\/div>\n\n\n\n<p>Ha inoltre delineato le direttrici per il 2026, che punteranno alla crescita dell\u2019associazione con nuovi programmi dedicati e al potenziamento del posizionamento nei confronti delle istituzioni e di tutti gli stakeholder.<\/p>\n\n\n\n<p>\u201cL\u2019Assemblea di Bardolino conferma la stabilit\u00e0 e la crescita del comparto scatolifici, nonostante uno scenario economico complesso. La nostra priorit\u00e0 assoluta per il 2026 sar\u00e0 il supporto istituzionale per affrontare le sfide dei Regolamenti europei, in particolare PPWR ed EUDR, i cui adeguamenti preoccupano le PMI per i costi e le risorse richieste. Chiediamo il sostegno necessario affinch\u00e9 le nostre imprese restino competitive. La nostra forza \u00e8 fare squadra, non solo tra scatolifici, ma lungo tutta la filiera, per portare il cartone ondulato verso obiettivi ambiziosi,\u201d ha dichiarato Mecarozzi.<\/p>\n\n\n\n<h2 class=\"wp-block-heading has-verde-c-c-color has-text-color has-link-color wp-elements-00f3fb8b0f65f93cb41f58bc2e6d280d\">Un dialogo tra gli attori della filiera<\/h2>\n\n\n\n<p>Tra i momenti pi\u00f9 significativi della due giorni, la tavola rotonda dal titolo \u201cIl modello Italia nella produzione di imballaggi in cartone ondulato: il presente e le prospettive future di un\u2019unicit\u00e0 europea\u201d ha messo a confronto i principali protagonisti della filiera del cartone ondulato. <\/p>\n\n\n\n<figure class=\"wp-block-image alignleft size-full is-resized\"><img loading=\"lazy\" decoding=\"async\" width=\"900\" height=\"615\" src=\"https:\/\/www.cartaecartiere.com\/wp-content\/uploads\/2025\/11\/scatolifici.jpg\" alt=\"\" class=\"wp-image-11674\" style=\"width:405px;height:auto\" srcset=\"https:\/\/www.cartaecartiere.com\/wp-content\/uploads\/2025\/11\/scatolifici.jpg 900w, https:\/\/www.cartaecartiere.com\/wp-content\/uploads\/2025\/11\/scatolifici-300x205.jpg 300w, https:\/\/www.cartaecartiere.com\/wp-content\/uploads\/2025\/11\/scatolifici-768x525.jpg 768w, https:\/\/www.cartaecartiere.com\/wp-content\/uploads\/2025\/11\/scatolifici-600x410.jpg 600w\" sizes=\"auto, (max-width: 900px) 100vw, 900px\" \/><figcaption class=\"wp-element-caption\">La tavola rotonda conclusiva ha messo a confronto i protagonisti della filiera del cartone ondulato sulle prospettive e sull\u2019evoluzione del settore in Italia ed Europa.<\/figcaption><\/figure>\n\n\n\n<p>Nel dibattito, <strong>Francesco Zago<\/strong>, Amministratore Delegato di Pro-Gest, ha evidenziato il ruolo centrale degli scatolifici trasformatori nelle strategie del Gruppo, riconoscendoli come clienti primari e partner fondamentali per mantenere la leadership italiana nel packaging. <\/p>\n\n\n\n<p><strong>Amelio Cecchini<\/strong>, Presidente di Comieco, ha illustrato le novit\u00e0 del Consorzio, in particolare sul nuovo CAC Carta e sulle fasce contributive recentemente introdotte da CONAI, sottolineando la capacit\u00e0 del settore di intercettare nuovi segmenti di mercato grazie alla sostenibilit\u00e0 e all\u2019efficienza del riciclo. <\/p>\n\n\n\n<p>In collegamento, l\u2019Eurodeputato <strong>Francesco Torselli<\/strong> ha aggiornato sui lavori in corso relativi alle normative PPWR ed EUDR, ribadendo l\u2019importanza del dialogo tra istituzioni e imprese per una corretta applicazione delle regole europee.<\/p>\n\n\n\n<figure class=\"wp-block-image size-large\"><img loading=\"lazy\" decoding=\"async\" width=\"1024\" height=\"461\" src=\"https:\/\/www.cartaecartiere.com\/wp-content\/uploads\/2025\/11\/assemblea-scatolifici-1024x461.jpg\" alt=\"\" class=\"wp-image-11676\" srcset=\"https:\/\/www.cartaecartiere.com\/wp-content\/uploads\/2025\/11\/assemblea-scatolifici-1024x461.jpg 1024w, https:\/\/www.cartaecartiere.com\/wp-content\/uploads\/2025\/11\/assemblea-scatolifici-300x135.jpg 300w, https:\/\/www.cartaecartiere.com\/wp-content\/uploads\/2025\/11\/assemblea-scatolifici-768x346.jpg 768w, https:\/\/www.cartaecartiere.com\/wp-content\/uploads\/2025\/11\/assemblea-scatolifici-600x270.jpg 600w, https:\/\/www.cartaecartiere.com\/wp-content\/uploads\/2025\/11\/assemblea-scatolifici.jpg 1200w\" sizes=\"auto, (max-width: 1024px) 100vw, 1024px\" \/><figcaption class=\"wp-element-caption\">L\u2019Assemblea Nazionale dell\u2019Associazione Italiana Scatolifici ha riunito oltre 130 partecipanti tra associati e partner del comparto.<\/figcaption><\/figure>\n","protected":false},"excerpt":{"rendered":"<p>Andrea Mecarozzi, Presidente Associazione Italiana Scatolifici, durante il suo intervento, dedicato all\u2019analisi dello scenario del<br \/>\ncomparto degli imballaggi cellulosici<br \/>\ne alle nuove sfide normative europee.<\/p>\n","protected":false},"author":3,"featured_media":11670,"comment_status":"closed","ping_status":"closed","sticky":false,"template":"","format":"standard","meta":{"_acf_changed":false,"inline_featured_image":false,"footnotes":""},"categories":[171],"tags":[117],"class_list":["post-11667","post","type-post","status-publish","format-standard","has-post-thumbnail","hentry","category-novembre-dicembre-2025","tag-associazioni"],"acf":[],"_links":{"self":[{"href":"https:\/\/www.cartaecartiere.com\/en\/wp-json\/wp\/v2\/posts\/11667","targetHints":{"allow":["GET"]}}],"collection":[{"href":"https:\/\/www.cartaecartiere.com\/en\/wp-json\/wp\/v2\/posts"}],"about":[{"href":"https:\/\/www.cartaecartiere.com\/en\/wp-json\/wp\/v2\/types\/post"}],"author":[{"embeddable":true,"href":"https:\/\/www.cartaecartiere.com\/en\/wp-json\/wp\/v2\/users\/3"}],"replies":[{"embeddable":true,"href":"https:\/\/www.cartaecartiere.com\/en\/wp-json\/wp\/v2\/comments?post=11667"}],"version-history":[{"count":4,"href":"https:\/\/www.cartaecartiere.com\/en\/wp-json\/wp\/v2\/posts\/11667\/revisions"}],"predecessor-version":[{"id":11706,"href":"https:\/\/www.cartaecartiere.com\/en\/wp-json\/wp\/v2\/posts\/11667\/revisions\/11706"}],"wp:featuredmedia":[{"embeddable":true,"href":"https:\/\/www.cartaecartiere.com\/en\/wp-json\/wp\/v2\/media\/11670"}],"wp:attachment":[{"href":"https:\/\/www.cartaecartiere.com\/en\/wp-json\/wp\/v2\/media?parent=11667"}],"wp:term":[{"taxonomy":"category","embeddable":true,"href":"https:\/\/www.cartaecartiere.com\/en\/wp-json\/wp\/v2\/categories?post=11667"},{"taxonomy":"post_tag","embeddable":true,"href":"https:\/\/www.cartaecartiere.com\/en\/wp-json\/wp\/v2\/tags?post=11667"}],"curies":[{"name":"wp","href":"https:\/\/api.w.org\/{rel}","templated":true}]}}