{"id":12155,"date":"2025-11-22T15:00:39","date_gmt":"2025-11-22T14:00:39","guid":{"rendered":"https:\/\/www.cartaecartiere.com\/?p=12155"},"modified":"2025-11-22T15:00:39","modified_gmt":"2025-11-22T14:00:39","slug":"assocarta-riconosciuto-il-settore-cartario-come-industria-strategica","status":"publish","type":"post","link":"https:\/\/www.cartaecartiere.com\/en\/assocarta-riconosciuto-il-settore-cartario-come-industria-strategica\/","title":{"rendered":"Assocarta: riconosciuto il settore cartario come industria strategica"},"content":{"rendered":"\n<p class=\"has-drop-cap\">\u201cAssocarta apprezza le conclusioni del Consiglio Europeo del 23 ottobre e il contributo del Governo italiano per il riconoscimento dell\u2019industria cartaria quale settore energy intensive strategico nell\u2019ambito della decarbonizzazione e della competitivit\u00e0 dell\u2019industria europea\u201d, ha dichiarato <strong>Massimo Medugno<\/strong>, Direttore Generale di Assocarta, commentando gli esiti del vertice svoltosi a Bruxelles. <\/p>\n\n\n\n<p>Nelle conclusioni adottate, il Consiglio Europeo ha confermato l\u2019importanza strategica dell\u2019industria cartaria all\u2019interno della nuova agenda per la competitivit\u00e0 e per la duplice transizione verde e digitale dell\u2019Unione Europea. <\/p>\n\n\n\n<p>Nel documento conclusivo (EUCO 18\/25), i Capi di Stato e di Governo hanno sottolineato la necessit\u00e0 di sostenere in via prioritaria le industrie tradizionali e ad alta intensit\u00e0 energetica, tra cui il settore della carta, al fine di garantirne la resilienza, la modernizzazione e la decarbonizzazione. <\/p>\n\n\n\n<p>Il Consiglio ha inoltre invitato la Commissione Europea a ridurre i costi energetici, favorire gli investimenti in tecnologie pulite e sostenere la neutralit\u00e0 tecnologica, consentendo a ciascun comparto industriale di adottare le soluzioni pi\u00f9 efficienti per abbattere le emissioni e migliorare la sostenibilit\u00e0 dei processi produttivi.<\/p>\n\n\n\n<p>\u201cIn questo quadro &#8211; ha aggiunto Medugno &#8211; l\u2019industria cartaria, gi\u00e0 protagonista di importanti investimenti in efficienza energetica, riciclo e bioeconomia, viene riconosciuta come pilastro dell\u2019economia circolare europea e come settore chiave per la transizione industriale sostenibile\u201d.<\/p>\n\n\n<style>\n\t#block_e38755cd7c3ea0d1a9f1ccb34febd919{\n\t\tbackground-color: ;\n\t\tcolor:  \t}\n\n\t#block_e38755cd7c3ea0d1a9f1ccb34febd919 h1,\n\t#block_e38755cd7c3ea0d1a9f1ccb34febd919 h2,\n\t#block_e38755cd7c3ea0d1a9f1ccb34febd919 h3,\n\t#block_e38755cd7c3ea0d1a9f1ccb34febd919 h4,\n\t#block_e38755cd7c3ea0d1a9f1ccb34febd919 h5,\n\t#block_e38755cd7c3ea0d1a9f1ccb34febd919 h6{\n\t\tcolor:  \t}\n<\/style>\n<div class=\"clearfix cec-box-informativo p-3\" id=\"block_e38755cd7c3ea0d1a9f1ccb34febd919\" style=\"\">\n\t<div class=\"acf-innerblocks-container\">\n\n<h2 class=\"wp-block-heading has-verde-c-c-color has-text-color has-link-color wp-elements-fd249aa7e171c249265c963a0ca387e9\">La posizione del Consiglio Europeo <\/h2>\n\n\n\n<p class=\"has-drop-cap\">Il Consiglio Europeo richiama l\u2019urgenza di intensificare gli sforzi collettivi per garantire il rinnovamento, la modernizzazione e la decarbonizzazione dell\u2019industria europea in modo tecnologicamente neutrale. In tale contesto, sottolinea che un\u2019attenzione particolare deve essere riservata alle industrie tradizionali, in particolare ai settori automobilistico, marittimo e aeronautico, nonch\u00e9 alle industrie ad alta intensit\u00e0 energetica, quali acciaio e metalli, chimica, cemento, vetro e ceramica, e carta e cellulosa (pulp and paper), affinch\u00e9 esse rimangano resilienti e competitive in un mercato globale e in un contesto geopolitico complesso.<\/p>\n\n<\/div>\n<\/div>\n","protected":false},"excerpt":{"rendered":"<p>\u201cAssocarta apprezza le conclusioni del Consiglio Europeo del 23 ottobre e il contributo del Governo italiano per il riconoscimento dell\u2019industria cartaria quale settore energy intensive strategico nell\u2019ambito della decarbonizzazione e della competitivit\u00e0 dell\u2019industria europea\u201d, ha dichiarato Massimo Medugno, Direttore Generale di Assocarta, commentando gli esiti del vertice svoltosi a Bruxelles. Nelle conclusioni adottate, il Consiglio &hellip; <a href=\"https:\/\/www.cartaecartiere.com\/en\/assocarta-riconosciuto-il-settore-cartario-come-industria-strategica\/\">Continued<\/a><\/p>\n","protected":false},"author":3,"featured_media":12158,"comment_status":"closed","ping_status":"closed","sticky":false,"template":"","format":"standard","meta":{"_acf_changed":false,"inline_featured_image":false,"footnotes":""},"categories":[171],"tags":[34],"class_list":["post-12155","post","type-post","status-publish","format-standard","has-post-thumbnail","hentry","category-novembre-dicembre-2025","tag-news"],"acf":[],"_links":{"self":[{"href":"https:\/\/www.cartaecartiere.com\/en\/wp-json\/wp\/v2\/posts\/12155","targetHints":{"allow":["GET"]}}],"collection":[{"href":"https:\/\/www.cartaecartiere.com\/en\/wp-json\/wp\/v2\/posts"}],"about":[{"href":"https:\/\/www.cartaecartiere.com\/en\/wp-json\/wp\/v2\/types\/post"}],"author":[{"embeddable":true,"href":"https:\/\/www.cartaecartiere.com\/en\/wp-json\/wp\/v2\/users\/3"}],"replies":[{"embeddable":true,"href":"https:\/\/www.cartaecartiere.com\/en\/wp-json\/wp\/v2\/comments?post=12155"}],"version-history":[{"count":3,"href":"https:\/\/www.cartaecartiere.com\/en\/wp-json\/wp\/v2\/posts\/12155\/revisions"}],"predecessor-version":[{"id":12164,"href":"https:\/\/www.cartaecartiere.com\/en\/wp-json\/wp\/v2\/posts\/12155\/revisions\/12164"}],"wp:featuredmedia":[{"embeddable":true,"href":"https:\/\/www.cartaecartiere.com\/en\/wp-json\/wp\/v2\/media\/12158"}],"wp:attachment":[{"href":"https:\/\/www.cartaecartiere.com\/en\/wp-json\/wp\/v2\/media?parent=12155"}],"wp:term":[{"taxonomy":"category","embeddable":true,"href":"https:\/\/www.cartaecartiere.com\/en\/wp-json\/wp\/v2\/categories?post=12155"},{"taxonomy":"post_tag","embeddable":true,"href":"https:\/\/www.cartaecartiere.com\/en\/wp-json\/wp\/v2\/tags?post=12155"}],"curies":[{"name":"wp","href":"https:\/\/api.w.org\/{rel}","templated":true}]}}