{"id":12197,"date":"2025-11-22T14:58:24","date_gmt":"2025-11-22T13:58:24","guid":{"rendered":"https:\/\/www.cartaecartiere.com\/?p=12197"},"modified":"2025-11-22T14:58:24","modified_gmt":"2025-11-22T13:58:24","slug":"come-i-sacchetti-di-carta-contribuiscono-alla-bioeconomia-circolare","status":"publish","type":"post","link":"https:\/\/www.cartaecartiere.com\/en\/come-i-sacchetti-di-carta-contribuiscono-alla-bioeconomia-circolare\/","title":{"rendered":"Come i sacchetti di carta contribuiscono alla bioeconomia circolare"},"content":{"rendered":"\n<p class=\"has-drop-cap\">La nuova cornice regolatoria europea sugli imballaggi spinge rivenditori e titolari di marchi a ridurre l\u2019impatto ambientale e ad aumentare riciclabilit\u00e0 e uso responsabile delle risorse. In questo scenario, i sacchetti di carta si presentano come una soluzione concreta: nascono da fibre di legno provenienti da foreste gestite responsabilmente, sono riutilizzabili e riciclabili, e si inseriscono in una tradizione industriale che &#8211; ben prima del PPWR &#8211; lavora su efficienza e qualit\u00e0 di prodotto in tutte le fasi di produzione.<\/p>\n\n\n\n<p>La materia prima \u00e8 selezionata con criteri stringenti: il prelievo avviene soprattutto da foreste europee, con diradamenti mirati che rimuovono alberi morti, deboli o deformi per favorire una crescita sana. Il tutto in coerenza con gli obiettivi dell\u2019EUDR e sotto la garanzia delle certificazioni FSC\u00ae e PEFC\u2122, a tutela della tracciabilit\u00e0 e dell\u2019assenza di deforestazione. <\/p>\n\n\n\n<p>Anche gli scarti della filiera del legno &#8211; come cippato e legno da diradamento &#8211; vengono valorizzati, secondo un principio di \u201czero sprechi\u201d che si estende a carta kraft e sacchetti.<\/p>\n\n\n\n<h2 class=\"wp-block-heading has-verde-papnews-color has-text-color has-link-color wp-elements-2b34d1ce7d71acca5bb47d038bd38b9b\">Produzione efficiente dal punto di vista energetico<\/h2>\n\n\n\n<p>Sul fronte energetico, la produzione di carta kraft mostra numeri maturi: nel 2021 i biocombustibili hanno rappresentato il 92% dei combustibili impiegati (di cui il 78% generato in stabilimento); gli impianti hanno coperto in proprio il 59% del fabbisogno elettrico e il 29% dell\u2019energia acquistata \u00e8 stata identificata come \u201cverde\u201d. <\/p>\n\n\n\n<p>Sono risultati che indicano una progressiva riduzione della dipendenza dai fossili e una maggiore resilienza degli stabilimenti.<\/p>\n\n\n\n<h2 class=\"wp-block-heading has-verde-papnews-color has-text-color has-link-color wp-elements-4e287834e1e6111179313821c3780da3\">Riciclo dell\u2019acqua nella produzione della carta<\/h2>\n\n\n\n<p>L\u2019uso dell\u2019acqua segue la stessa logica di responsabilit\u00e0: la localizzazione dei stabilimenti vicino a fonti abbondanti consente un impiego circolare, con il 78% dei prelievi da acque superficiali e una riduzione media dei consumi per tonnellata del 40% dal 1990. <\/p>\n\n\n\n<p>L\u2019acqua di processo viene trattata e riutilizzata pi\u00f9 volte, restituendone circa il 90% pulita alla fonte; solo il 10% evapora o resta nel prodotto e nei rifiuti solidi.<\/p>\n\n\n\n<h2 class=\"wp-block-heading has-verde-papnews-color has-text-color has-link-color wp-elements-61de2200b8666d9eeddc348494af97ce\">Riutilizzo degli scarti di produzione<\/h2>\n\n\n\n<p>Anche i residui di produzione vengono reinseriti nel ciclo: nel converting si ordinano quantit\u00e0 e formati esatti, gli scarti di avviamento sono selezionati per tipologia e avviati a riciclo, inchiostri e adesivi residui sono conservati per commesse successive. \u00c8 un approccio di \u201cciclo chiuso\u201d che riduce i conferimenti in discarica e migliora l\u2019efficienza dei materiali. <\/p>\n\n\n\n<p>Parallelamente, il design del sacchetto punta all\u2019essenziale: usare solo il materiale necessario alle prestazioni, supportato dal miglioramento della resistenza della carta kraft (+45% negli ultimi vent\u2019anni), con evidenti ricadute sull\u2019obiettivo PPWR di evitare imballaggi superflui.<\/p>\n\n\n\n<p>La robustezza del prodotto consente pi\u00f9 riutilizzi domestici e professionali; a fine vita, il sacchetto entra senza difficolt\u00e0 nei sistemi di raccolta differenziata e le fibre possono essere riciclate pi\u00f9 di 25 volte, rientrando in nuovi prodotti come giornali e cartone ondulato. <\/p>\n\n\n\n<p>\u00c8 una sostenibilit\u00e0 \u201cdi tradizione\u201d, che anticipa le mode e si rinnova con l\u2019innovazione: una soluzione d\u2019imballaggio \u201ca prova di futuro\u201d, radicata nella natura e rispettosa dei suoi cicli.<\/p>\n","protected":false},"excerpt":{"rendered":"<p>La nuova cornice regolatoria europea sugli imballaggi spinge rivenditori e titolari di marchi a ridurre l\u2019impatto ambientale e ad aumentare riciclabilit\u00e0 e uso responsabile delle risorse. In questo scenario, i sacchetti di carta si presentano come una soluzione concreta: nascono da fibre di legno provenienti da foreste gestite responsabilmente, sono riutilizzabili e riciclabili, e si &hellip; <a href=\"https:\/\/www.cartaecartiere.com\/en\/come-i-sacchetti-di-carta-contribuiscono-alla-bioeconomia-circolare\/\">Continued<\/a><\/p>\n","protected":false},"author":3,"featured_media":12200,"comment_status":"closed","ping_status":"closed","sticky":false,"template":"","format":"standard","meta":{"_acf_changed":false,"inline_featured_image":false,"footnotes":""},"categories":[171],"tags":[158],"class_list":["post-12197","post","type-post","status-publish","format-standard","has-post-thumbnail","hentry","category-novembre-dicembre-2025","tag-sostenibilita"],"acf":[],"_links":{"self":[{"href":"https:\/\/www.cartaecartiere.com\/en\/wp-json\/wp\/v2\/posts\/12197","targetHints":{"allow":["GET"]}}],"collection":[{"href":"https:\/\/www.cartaecartiere.com\/en\/wp-json\/wp\/v2\/posts"}],"about":[{"href":"https:\/\/www.cartaecartiere.com\/en\/wp-json\/wp\/v2\/types\/post"}],"author":[{"embeddable":true,"href":"https:\/\/www.cartaecartiere.com\/en\/wp-json\/wp\/v2\/users\/3"}],"replies":[{"embeddable":true,"href":"https:\/\/www.cartaecartiere.com\/en\/wp-json\/wp\/v2\/comments?post=12197"}],"version-history":[{"count":2,"href":"https:\/\/www.cartaecartiere.com\/en\/wp-json\/wp\/v2\/posts\/12197\/revisions"}],"predecessor-version":[{"id":12205,"href":"https:\/\/www.cartaecartiere.com\/en\/wp-json\/wp\/v2\/posts\/12197\/revisions\/12205"}],"wp:featuredmedia":[{"embeddable":true,"href":"https:\/\/www.cartaecartiere.com\/en\/wp-json\/wp\/v2\/media\/12200"}],"wp:attachment":[{"href":"https:\/\/www.cartaecartiere.com\/en\/wp-json\/wp\/v2\/media?parent=12197"}],"wp:term":[{"taxonomy":"category","embeddable":true,"href":"https:\/\/www.cartaecartiere.com\/en\/wp-json\/wp\/v2\/categories?post=12197"},{"taxonomy":"post_tag","embeddable":true,"href":"https:\/\/www.cartaecartiere.com\/en\/wp-json\/wp\/v2\/tags?post=12197"}],"curies":[{"name":"wp","href":"https:\/\/api.w.org\/{rel}","templated":true}]}}