{"id":1249,"date":"2023-04-12T17:11:22","date_gmt":"2023-04-12T15:11:22","guid":{"rendered":"https:\/\/www.cartaecartiere.com\/?p=1249"},"modified":"2023-04-17T13:29:16","modified_gmt":"2023-04-17T11:29:16","slug":"federazione-carta-grafica-sottolinea-i-limiti-della-proposta-di-revisione-della-direttiva-imballaggi","status":"publish","type":"post","link":"https:\/\/www.cartaecartiere.com\/en\/federazione-carta-grafica-sottolinea-i-limiti-della-proposta-di-revisione-della-direttiva-imballaggi\/","title":{"rendered":"Federazione Carta Grafica sottolinea i limiti della proposta di revisione della direttiva imballaggi"},"content":{"rendered":"\n<p class=\"has-background\" style=\"background-color:#cbe0d3\">Federazione Carta Grafica ribadisce e sottolinea i limiti della revisione della direttiva imballaggi discussi in sede europea. Al centro della discussione l\u2019orientamento dell\u2019esecutivo UE di imporre il riutilizzo degli imballaggi senza dimostrarne gli impatti ambientali e prescindendo da quelli sociali e sanitari. <br><br>\u201cLa proposta di revisione UE sar\u00e0 un Regolamento, immediatamente applicabile e che non tiene conto delle differenze tra i vari Paesi, anche in termini di raggiungimento degli obiettivi di riciclaggio e questo rischia di mettere in crisi la nostra economia del riciclo, che genera occupazione e ricchezza\u201d &#8211; afferma <strong>Massimo Medugno, Direttore Generale di Federazione Carta Grafica<\/strong>. La filiera della carta \u00e8 caratterizzata dalla rinnovabilit\u00e0 delle materie prime e dal conseguimento degli obiettivi di riciclo UE (85% di riciclo negli imballaggi, previsto per\u00f2 al 2030), garantendo cos\u00ec la migliore soluzione ambientale per gli imballaggi a base cellulosica &#8211; spiega Medugno che evidenzia: la spinta indiscriminata della proposta di Regolamento verso il riutilizzo preoccupa fortemente le nostre aziende perch\u00e9 rischia di vanificare i risultati ambientali di un sistema industriale che ha investito negli impianti di riciclo e nella raccolta differenziata, recentemente anche grazie del PNRR\u201d. <br><br>La Commissione propone di estendere il riutilizzo degli imballaggi e impone restrizioni ai prodotti monouso a prescindere dalla loro funzione d\u2019uso e dalle motivazioni ambientali e sociali che ne determinano oggi l\u2019ampia diffusione. Tale orientamento non \u00e8 supportato da analisi LCA che dimostrino che tali azioni porterebbero ad un miglioramento ambientale. <br><br>\u201cNon vengono inoltre considerate \u2013 aggiunge Medugno &#8211; la lotta allo spreco alimentare, la tutela della sicurezza e della salute dei consumatori e l\u2019integrit\u00e0 dei prodotti, oltre al maggiore uso di acqua e energia per i lavaggi e il trasporto a vuoto dei resi\u201d. <br><br>Gli imballaggi a base cellulosica (materiale rinnovabile e biodegradabile) non dovrebbero avere obiettivi di riutilizzo ma obiettivi di riciclo sempre pi\u00f9 ambiziosi, cos\u00ec come i prodotti monouso in carta non dovrebbero essere sottoposti a restrizioni, in quanto riciclabili ed effettivamente riciclati. Secondo gli ultimi studi dell\u2019Universit\u00e0 Tecnologica di Graz un imballaggio in carta pu\u00f2 essere riciclato fino a 25 volte.<\/p>\n\n\n\n<p><\/p>\n","protected":false},"excerpt":{"rendered":"<p>Federazione Carta Grafica ribadisce e sottolinea i limiti della revisione della direttiva imballaggi discussi in sede europea. Al centro della discussione l\u2019orientamento dell\u2019esecutivo UE di imporre il riutilizzo degli imballaggi senza dimostrarne gli impatti ambientali e prescindendo da quelli sociali e sanitari. \u201cLa proposta di revisione UE sar\u00e0 un Regolamento, immediatamente applicabile e che non &hellip; <a href=\"https:\/\/www.cartaecartiere.com\/en\/federazione-carta-grafica-sottolinea-i-limiti-della-proposta-di-revisione-della-direttiva-imballaggi\/\">Continued<\/a><\/p>\n","protected":false},"author":2,"featured_media":1684,"comment_status":"closed","ping_status":"closed","sticky":false,"template":"","format":"standard","meta":{"_acf_changed":false,"inline_featured_image":false,"footnotes":""},"categories":[61,24],"tags":[],"class_list":["post-1249","post","type-post","status-publish","format-standard","has-post-thumbnail","hentry","category-marzo-aprile-2023","category-news"],"acf":[],"_links":{"self":[{"href":"https:\/\/www.cartaecartiere.com\/en\/wp-json\/wp\/v2\/posts\/1249","targetHints":{"allow":["GET"]}}],"collection":[{"href":"https:\/\/www.cartaecartiere.com\/en\/wp-json\/wp\/v2\/posts"}],"about":[{"href":"https:\/\/www.cartaecartiere.com\/en\/wp-json\/wp\/v2\/types\/post"}],"author":[{"embeddable":true,"href":"https:\/\/www.cartaecartiere.com\/en\/wp-json\/wp\/v2\/users\/2"}],"replies":[{"embeddable":true,"href":"https:\/\/www.cartaecartiere.com\/en\/wp-json\/wp\/v2\/comments?post=1249"}],"version-history":[{"count":7,"href":"https:\/\/www.cartaecartiere.com\/en\/wp-json\/wp\/v2\/posts\/1249\/revisions"}],"predecessor-version":[{"id":1686,"href":"https:\/\/www.cartaecartiere.com\/en\/wp-json\/wp\/v2\/posts\/1249\/revisions\/1686"}],"wp:featuredmedia":[{"embeddable":true,"href":"https:\/\/www.cartaecartiere.com\/en\/wp-json\/wp\/v2\/media\/1684"}],"wp:attachment":[{"href":"https:\/\/www.cartaecartiere.com\/en\/wp-json\/wp\/v2\/media?parent=1249"}],"wp:term":[{"taxonomy":"category","embeddable":true,"href":"https:\/\/www.cartaecartiere.com\/en\/wp-json\/wp\/v2\/categories?post=1249"},{"taxonomy":"post_tag","embeddable":true,"href":"https:\/\/www.cartaecartiere.com\/en\/wp-json\/wp\/v2\/tags?post=1249"}],"curies":[{"name":"wp","href":"https:\/\/api.w.org\/{rel}","templated":true}]}}