{"id":1390,"date":"2023-04-10T10:35:06","date_gmt":"2023-04-10T08:35:06","guid":{"rendered":"https:\/\/www.cartaecartiere.com\/?p=1390"},"modified":"2023-04-17T17:32:29","modified_gmt":"2023-04-17T15:32:29","slug":"cogenerazione-le-associazioni-chiedono-un-tavolo-permanente-politiche-e-strategie-adeguate","status":"publish","type":"post","link":"https:\/\/www.cartaecartiere.com\/en\/cogenerazione-le-associazioni-chiedono-un-tavolo-permanente-politiche-e-strategie-adeguate\/","title":{"rendered":"Cogenerazione: le associazioni chiedono un tavolo permanente, politiche e strategie adeguate"},"content":{"rendered":"\n<p>\u201cSi confida che il Governo e il Parlamento possano adottare politiche e strategie in grado di rafforzare l\u2019uso della cogenerazione nei prossimi dieci anni, in virt\u00f9 dei benefici apportati in termini energetici, ambientali e di competitivit\u00e0 al sistema energetico e alle imprese nazionali. Piu fonti rinnovabili avremo, pi\u00f9 la cogenerazione sar\u00e0 essenziale\u201d &#8211; afferma il <strong>Direttore Generale di Assocarta Massimo Medugno<\/strong>. <\/p>\n\n\n\n<p>Aumentare la quota delle fonti energetiche rinnovabili \u00e8 un obiettivo condiviso da tutti. Tuttavia, molte fonti rinnovabili non sono programmabili, mentre la programmazione \u00e8 fondamentale nelle attivit\u00e0 industriali e in molti servizi essenziali per la societ\u00e0. Ecco, dunque, l\u2019importanza di avere una fonte energetica programmabile ed efficiente a gas e, in prospettiva, a \u201cgas verdi\u201d: la cogenerazione. <\/p>\n\n\n\n<p>\u201cVa ricordato &#8211; sottolinea Medugno &#8211; che la produzione combinata di elettricit\u00e0 e calore (per usi di processo, riscaldamento e raffrescamento) &#8211; o cogenerazione &#8211; \u00e8 una soluzione virtuosa in grado di ridurre sia i consumi energetici in fonti primarie, e dunque anche la dipendenza dall\u2019estero, che le emissioni di CO2. In sostanza lo stesso impianto produce energia elettrica e termica, utilizzata da diverse industrie e per vari edifici ed utenze del terziario. Oltretutto, l\u2019Italia \u00e8 uno dei Paesi leader in Europa per l\u2019impiego di questa soluzione\u201d. <\/p>\n\n\n\n<p>Secondo i dati di Terna sugli impianti termoelettrici, in Italia a fine 2021 operavano 8.124 centrali termoelettriche di cui ben 6.223 sono impianti con produzione combinata di energia elettrica e calore, ossia circa il 77%. Nel 2019 su una generazione netta per via termoelettrica di 186,7 TWh, di questi ben 103,6 TWh venivano da impianti cogenerativi utilizzando diversi combustibili: gas naturale di rete (circa 80%), gas prodotti localmente dalla gassificazione di residui e rifiuti, biogas di fermentazione di rifiuti di vario tipo, prodotti petroliferi, biomasse solide e rifiuti urbani. <\/p>\n\n\n<div class=\"cecAdv-banner-wrap\">\n\t<div class=\"cecAdv\"  data-advshow=\"advframe-1390\">\n\t\t<a href=\"https:\/\/www.linde-mh.it\/X20-35\/\" target=\"_blank\">\n\t\t\t<img decoding=\"async\" src=\"https:\/\/www.cartaecartiere.com\/wp-content\/uploads\/2023\/04\/Marzo-Aprile-2023-CC-73.jpg\" no-lazy\/>\n\t\t<\/a>\n\t<\/div>\n<\/div>\n\n\n\n<figure class=\"wp-block-image size-large\"><a href=\"https:\/\/www.cartaecartiere.com\/wp-content\/uploads\/2023\/04\/Marzo-Aprile-2023-CC-200.jpg\" data-lbwps-width=\"2512\" data-lbwps-height=\"1364\" data-lbwps-srcsmall=\"https:\/\/www.cartaecartiere.com\/wp-content\/uploads\/2023\/04\/Marzo-Aprile-2023-CC-200-300x163.jpg\"><img loading=\"lazy\" decoding=\"async\" width=\"1024\" height=\"556\" src=\"https:\/\/www.cartaecartiere.com\/wp-content\/uploads\/2023\/04\/Marzo-Aprile-2023-CC-200-1024x556.jpg\" alt=\"\" class=\"wp-image-1781\" srcset=\"https:\/\/www.cartaecartiere.com\/wp-content\/uploads\/2023\/04\/Marzo-Aprile-2023-CC-200-1024x556.jpg 1024w, https:\/\/www.cartaecartiere.com\/wp-content\/uploads\/2023\/04\/Marzo-Aprile-2023-CC-200-300x163.jpg 300w, https:\/\/www.cartaecartiere.com\/wp-content\/uploads\/2023\/04\/Marzo-Aprile-2023-CC-200-768x417.jpg 768w, https:\/\/www.cartaecartiere.com\/wp-content\/uploads\/2023\/04\/Marzo-Aprile-2023-CC-200-1536x834.jpg 1536w, https:\/\/www.cartaecartiere.com\/wp-content\/uploads\/2023\/04\/Marzo-Aprile-2023-CC-200-2048x1112.jpg 2048w\" sizes=\"auto, (max-width: 1024px) 100vw, 1024px\" \/><\/a><\/figure>\n\n\n\n<p>\u00c8 quindi straordinariamente importante per il Paese e per l\u2019industria, inclusa quella cartaria, che vengano perseguite le seguenti linee di azione: <\/p>\n\n\n\n<ul class=\"wp-block-list\">\n<li>sia adottato un piano di sviluppo di biocombustibili in Italia e in Europa che possa incrementare la disponibilit\u00e0 di questi ultimi, anche attraverso il PNRR; <\/li>\n<\/ul>\n\n\n\n<ul class=\"wp-block-list\">\n<li>sia data la possibilit\u00e0 di impiegare per la CAR anche gas sintetici prodotti da sistemi Power-To-Gas, in particolare se alimentati da fonti rinnovabili o, transitoriamente, a basse emissioni (ci\u00f2 peraltro potrebbe favorire il superamento dei problemi legati alla probabile sovrapproduzione rinnovabile del Sud Italia nei prossimi anni, trasformando l\u2019eccesso di produzione in biocombustibili invece di fermare gli impianti); <\/li>\n<\/ul>\n\n\n\n<ul class=\"wp-block-list\">\n<li>venga introdotto un meccanismo che moduli i parametri sulla effettiva disponibilit\u00e0 di combustibili rinnovabili; <\/li>\n<\/ul>\n\n\n\n<ul class=\"wp-block-list\">\n<li>sia data la possibilit\u00e0 di utilizzare la Garanzia di Origine per la certificazione dell\u2019origine rinnovabile delle fonti utilizzate, quali biometano o altri biocombustibili prelevati da rete. <\/li>\n<\/ul>\n\n\n\n<p>Tra le richieste dei firmatari c\u2019\u00e8 quella di istituire da subito un tavolo permanente con le associazioni coinvolte nella filiera in modo da individuare le migliori strategie per salvaguardare la cogenerazione ad alto rendimento ed evitare le possibili ricadute negative per il Paese nell\u2019ottica del percorso di decarbonizzazione dell\u2019economia.<\/p>\n\n\n\n<p class=\"has-text-color has-background\" style=\"color:#00aeef;background-color:#c7eafc\"><strong>LE ASSOCIAZIONI DELLA FILIERA CHIEDONO OPPORTUNI INTERVENTI LEGISLATIVI<\/strong><br><br>L\u2019appello, promosso da FIRE e cofirmato da Assocarta, Cogen Europe, Consorzio italiano biogas, Confindustria Ceramica, Coordinamento FREE, Federchimica e Italcogen evidenzia le incertezze e i rischi che riguardano la cogenerazione, una soluzione largamente usata nel nostro Paese, a causa di un\u2019evoluzione della legislazione europea che mette a rischio non solo le nuove realizzazioni, ma anche quanto ampiamente adottato nei decenni dalle imprese nell\u2019industria e nel terziario e da ospedali e altri enti pubblici. In assenza di opportuni interventi legislativi, evidenziano i rappresentati delle associazioni, si produrranno conseguenze negative per la sicurezza del sistema elettrico nazionale, per la competitivit\u00e0 delle imprese che utilizzano questa soluzione, per gli obiettivi di decarbonizzazione e per i consumi energetici di energia primaria.<\/p>\n","protected":false},"excerpt":{"rendered":"<p>\u201cSi confida che il Governo e il Parlamento possano adottare politiche e strategie in grado di rafforzare l\u2019uso della cogenerazione nei prossimi dieci anni, in virt\u00f9 dei benefici apportati in termini energetici, ambientali e di competitivit\u00e0 al sistema energetico e alle imprese nazionali. Piu fonti rinnovabili avremo, pi\u00f9 la cogenerazione sar\u00e0 essenziale\u201d &#8211; afferma il &hellip; <a href=\"https:\/\/www.cartaecartiere.com\/en\/cogenerazione-le-associazioni-chiedono-un-tavolo-permanente-politiche-e-strategie-adeguate\/\">Continued<\/a><\/p>\n","protected":false},"author":2,"featured_media":1787,"comment_status":"closed","ping_status":"closed","sticky":false,"template":"","format":"standard","meta":{"_acf_changed":false,"inline_featured_image":false,"footnotes":""},"categories":[61],"tags":[73],"class_list":["post-1390","post","type-post","status-publish","format-standard","has-post-thumbnail","hentry","category-marzo-aprile-2023","tag-energia"],"acf":[],"_links":{"self":[{"href":"https:\/\/www.cartaecartiere.com\/en\/wp-json\/wp\/v2\/posts\/1390","targetHints":{"allow":["GET"]}}],"collection":[{"href":"https:\/\/www.cartaecartiere.com\/en\/wp-json\/wp\/v2\/posts"}],"about":[{"href":"https:\/\/www.cartaecartiere.com\/en\/wp-json\/wp\/v2\/types\/post"}],"author":[{"embeddable":true,"href":"https:\/\/www.cartaecartiere.com\/en\/wp-json\/wp\/v2\/users\/2"}],"replies":[{"embeddable":true,"href":"https:\/\/www.cartaecartiere.com\/en\/wp-json\/wp\/v2\/comments?post=1390"}],"version-history":[{"count":13,"href":"https:\/\/www.cartaecartiere.com\/en\/wp-json\/wp\/v2\/posts\/1390\/revisions"}],"predecessor-version":[{"id":1826,"href":"https:\/\/www.cartaecartiere.com\/en\/wp-json\/wp\/v2\/posts\/1390\/revisions\/1826"}],"wp:featuredmedia":[{"embeddable":true,"href":"https:\/\/www.cartaecartiere.com\/en\/wp-json\/wp\/v2\/media\/1787"}],"wp:attachment":[{"href":"https:\/\/www.cartaecartiere.com\/en\/wp-json\/wp\/v2\/media?parent=1390"}],"wp:term":[{"taxonomy":"category","embeddable":true,"href":"https:\/\/www.cartaecartiere.com\/en\/wp-json\/wp\/v2\/categories?post=1390"},{"taxonomy":"post_tag","embeddable":true,"href":"https:\/\/www.cartaecartiere.com\/en\/wp-json\/wp\/v2\/tags?post=1390"}],"curies":[{"name":"wp","href":"https:\/\/api.w.org\/{rel}","templated":true}]}}