{"id":1422,"date":"2023-04-10T08:36:54","date_gmt":"2023-04-10T06:36:54","guid":{"rendered":"https:\/\/www.cartaecartiere.com\/?p=1422"},"modified":"2023-04-17T17:31:58","modified_gmt":"2023-04-17T15:31:58","slug":"energia-ecosostenibile-per-lo-stabilimento-di-progroup-a-sandersdorf-brehna-inizio-di-edificazione-del-termovalorizzatore","status":"publish","type":"post","link":"https:\/\/www.cartaecartiere.com\/en\/energia-ecosostenibile-per-lo-stabilimento-di-progroup-a-sandersdorf-brehna-inizio-di-edificazione-del-termovalorizzatore\/","title":{"rendered":"Energia ecosostenibile per lo stabilimento di Progroup a Sandersdorf-Brehna: inizio di edificazione del termovalorizzatore"},"content":{"rendered":"\n<p class=\"has-background\" style=\"background-color:#cbe0d3\">\u201cIl nostro obiettivo \u00e8 quello di essere completamente indipendenti dai combustibili fossili ed essere completamente neutrali in termini di CO2 entro l\u2019anno 2045 &#8211; spiega <strong>Maximilian Heindl, CEO di Progroup<\/strong>. <br><br>Con la nuova centrale ci avviciniamo di un bel pezzo a questo obiettivo\u201d. La nuova e ultramoderna costruzione riutilizzer\u00e0 termicamente i residui accumulati sia dalla cartiera che dal processo di riciclaggio privato e industriale e produrr\u00e0 cos\u00ec tanta energia come quella necessaria a 50.000 unit\u00e0 abitative familiari. <br><br>In tal modo la centrale coprir\u00e0 il 100 per cento del fabbisogno di vapore presso lo stabilimento nonch\u00e9 un terzo della corrente necessaria. \u201cSi tratta, nel mero senso del termine, di energia pulita &#8211; afferma Heindl &#8211; e questo perch\u00e9 in primo luogo Progroup risparmia cos\u00ec facendo circa 80.000 tonnellate di CO2 all\u2019anno, e, in secondo luogo, la centrale soddisfa gli elevati standard di protezione delle emissioni\u201d. <br><br>Con la nuova edificazione Progroup afferma con coerenza il prossimo passo della sua strategia sostenibile nella sede. \u00c8 qui che la cartiera hightech PM3 \u00e8 in esercizio da agosto 2020 ed \u00e8 annoverata tra le pi\u00f9 moderne e pi\u00f9 efficienti del mondo. <br><br>Un sistema integrato di trattamento delle acque di ricircolo riduce l\u2019impiego di acqua fresca dell\u201980 percento rispetto agli impianti tradizionali. Le impurit\u00e0 della cartaccia vengono biodegradate durante il processo di trattamento dell\u2019acqua e trasformate in biogas. Solo cos\u00ec la sola azienda utilizza gi\u00e0 il dieci per cento in meno di risorse fossili.<\/p>\n","protected":false},"excerpt":{"rendered":"<p>\u201cIl nostro obiettivo \u00e8 quello di essere completamente indipendenti dai combustibili fossili ed essere completamente neutrali in termini di CO2 entro l\u2019anno 2045 &#8211; spiega Maximilian Heindl, CEO di Progroup. Con la nuova centrale ci avviciniamo di un bel pezzo a questo obiettivo\u201d. La nuova e ultramoderna costruzione riutilizzer\u00e0 termicamente i residui accumulati sia dalla &hellip; <a href=\"https:\/\/www.cartaecartiere.com\/en\/energia-ecosostenibile-per-lo-stabilimento-di-progroup-a-sandersdorf-brehna-inizio-di-edificazione-del-termovalorizzatore\/\">Continued<\/a><\/p>\n","protected":false},"author":2,"featured_media":1800,"comment_status":"closed","ping_status":"closed","sticky":false,"template":"","format":"standard","meta":{"_acf_changed":false,"inline_featured_image":false,"footnotes":""},"categories":[61,24],"tags":[],"class_list":["post-1422","post","type-post","status-publish","format-standard","has-post-thumbnail","hentry","category-marzo-aprile-2023","category-news"],"acf":[],"_links":{"self":[{"href":"https:\/\/www.cartaecartiere.com\/en\/wp-json\/wp\/v2\/posts\/1422","targetHints":{"allow":["GET"]}}],"collection":[{"href":"https:\/\/www.cartaecartiere.com\/en\/wp-json\/wp\/v2\/posts"}],"about":[{"href":"https:\/\/www.cartaecartiere.com\/en\/wp-json\/wp\/v2\/types\/post"}],"author":[{"embeddable":true,"href":"https:\/\/www.cartaecartiere.com\/en\/wp-json\/wp\/v2\/users\/2"}],"replies":[{"embeddable":true,"href":"https:\/\/www.cartaecartiere.com\/en\/wp-json\/wp\/v2\/comments?post=1422"}],"version-history":[{"count":6,"href":"https:\/\/www.cartaecartiere.com\/en\/wp-json\/wp\/v2\/posts\/1422\/revisions"}],"predecessor-version":[{"id":1802,"href":"https:\/\/www.cartaecartiere.com\/en\/wp-json\/wp\/v2\/posts\/1422\/revisions\/1802"}],"wp:featuredmedia":[{"embeddable":true,"href":"https:\/\/www.cartaecartiere.com\/en\/wp-json\/wp\/v2\/media\/1800"}],"wp:attachment":[{"href":"https:\/\/www.cartaecartiere.com\/en\/wp-json\/wp\/v2\/media?parent=1422"}],"wp:term":[{"taxonomy":"category","embeddable":true,"href":"https:\/\/www.cartaecartiere.com\/en\/wp-json\/wp\/v2\/categories?post=1422"},{"taxonomy":"post_tag","embeddable":true,"href":"https:\/\/www.cartaecartiere.com\/en\/wp-json\/wp\/v2\/tags?post=1422"}],"curies":[{"name":"wp","href":"https:\/\/api.w.org\/{rel}","templated":true}]}}