{"id":166,"date":"2023-02-09T13:51:43","date_gmt":"2023-02-09T12:51:43","guid":{"rendered":"https:\/\/www.cartaecartiere.com\/?p=166"},"modified":"2023-02-26T06:42:10","modified_gmt":"2023-02-26T05:42:10","slug":"sofidel-anche-questanno-e-tra-i-leader-di-cdp-per-la-lotta-al-cambiamento-climatico-e-alla-deforestazione","status":"publish","type":"post","link":"https:\/\/www.cartaecartiere.com\/en\/sofidel-anche-questanno-e-tra-i-leader-di-cdp-per-la-lotta-al-cambiamento-climatico-e-alla-deforestazione\/","title":{"rendered":"Sofidel anche quest\u2019anno \u00e8 tra i leader di CDP per la lotta al cambiamento climatico e alla deforestazione"},"content":{"rendered":"\n<p class=\"has-drop-cap\">Sofidel, gruppo cartario tra i leader mondiali nella produzione di carta per uso igienico e domestico, vede nuovamente confermato da <strong>CDP <\/strong>il suo impegno nella lotta al cambiamento climatico e alla deforestazione. Il Gruppo si \u00e8 posizionato nella fascia Leadership del rating <em>Climate Change 2022 <\/em>e nella fascia Leadership del rating <em>Forests 2022 <\/em>di CDP. Nella lotta al cambiamento climatico <strong>Sofidel <\/strong>ha ottenuto il rating A-, posizionandosi sopra la media europea (B) e di settore (B).<\/p>\n\n\n\n<p>Stesso rating A-, che colloca anche in questo caso il Gruppo al di sopra della media europea (B-) e di settore (B), per l\u2019impegno nella lotta alla deforestazione.<\/p>\n\n\n\n<p>\u201c\u00c8 importante per noi vedere confermata ancora una volta la qualit\u00e0 del nostro impegno da parte di CDP.<br>Sofidel crede nei rating di sostenibilit\u00e0 e sta investendo risorse crescenti nei reporting ESG.<br>Consideriamo la verifica puntuale dei dati del nostro impegno in sostenibilit\u00e0 un fondamentale strumento di trasparenza e condivisione per favorire la transizione verso un\u2019economia a basso impatto di carbonio e ridotto utilizzo del capitale naturale\u201d &#8211; commenta <strong>Riccardo Balducci<\/strong>, Energy &amp; Environment Director di Sofidel.<br>Gli obiettivi di riduzione delle emissioni al 2030 di Sofidel sono stati approvati da <em>Science Based Targets initiative <\/em>(SBTi) come coerenti con gli standard di riduzione richiesti dall\u2019Accordo di Parigi per limitare il riscaldamento globale ben al di sotto dei 2\u00b0C. Il Gruppo, nel suo cammino di transizione ecologica, \u00e8 impegnato nell\u2019autoproduzione e nel crescente ricorso all\u2019acquisto di energia rinnovabile prodotta da impianti di nuova costruzione realizzati grazie ad accordi di fornitura a lungo termine. In Italia, il Gruppo, grazie a un contratto di fornitura decennale (PPA) di energia eolica dal parco di Alcamo II in Sicilia siglato con RWE Renewables, ha prodotto in un anno l\u2019equivalente di circa 150milioni di rotoli di carta igienica con energia verde. In Svezia, invece, sta realizzando con Meva Energy un impianto di produzione di bio-syngas che utilizzer\u00e0 biomassa legnosa proveniente da scarti della filiera locale. Primo impianto di questo tipo al mondo nell\u2019 industria cartaria. Sul fronte della lotta alla deforestazione, il 100% dell\u2019approvvigionamento di materia prima di origine forestale utilizzata dal Gruppo proviene da fornitori certificati secondo rigorosi standard ambientali, sociali ed economici garantiti da terze parti indipendenti (FSC\u00ae, FSC\u00ae Controlled Wood, PEFCTM).<\/p>\n\n\n\n<p>Sofidel \u00e8 inoltre tra le prime aziende ad aver preso parte all\u2019iniziativa multi-stakeholder \u201cForests Forward\u201d lanciata da <strong>WWF <\/strong>a livello internazionale per consolidare la politica di approvvigionamento forestale, rafforzando il programma di coinvolgimento dei fornitori per contribuire a combattere la deforestazione, conservare gli ecosistemi e tutelare i diritti delle comunit\u00e0 locali.<\/p>\n","protected":false},"excerpt":{"rendered":"<p>Sofidel, gruppo cartario tra i leader mondiali nella produzione di carta per uso igienico e domestico, vede nuovamente confermato da CDP il suo impegno nella lotta al cambiamento climatico e alla deforestazione. Il Gruppo si \u00e8 posizionato nella fascia Leadership del rating Climate Change 2022 e nella fascia Leadership del rating Forests 2022 di CDP. &hellip; <a href=\"https:\/\/www.cartaecartiere.com\/en\/sofidel-anche-questanno-e-tra-i-leader-di-cdp-per-la-lotta-al-cambiamento-climatico-e-alla-deforestazione\/\">Continued<\/a><\/p>\n","protected":false},"author":1,"featured_media":232,"comment_status":"closed","ping_status":"closed","sticky":false,"template":"","format":"standard","meta":{"_acf_changed":false,"inline_featured_image":false,"footnotes":""},"categories":[25],"tags":[28],"class_list":["post-166","post","type-post","status-publish","format-standard","has-post-thumbnail","hentry","category-gennaio-febbraio-2023","tag-award"],"acf":[],"_links":{"self":[{"href":"https:\/\/www.cartaecartiere.com\/en\/wp-json\/wp\/v2\/posts\/166","targetHints":{"allow":["GET"]}}],"collection":[{"href":"https:\/\/www.cartaecartiere.com\/en\/wp-json\/wp\/v2\/posts"}],"about":[{"href":"https:\/\/www.cartaecartiere.com\/en\/wp-json\/wp\/v2\/types\/post"}],"author":[{"embeddable":true,"href":"https:\/\/www.cartaecartiere.com\/en\/wp-json\/wp\/v2\/users\/1"}],"replies":[{"embeddable":true,"href":"https:\/\/www.cartaecartiere.com\/en\/wp-json\/wp\/v2\/comments?post=166"}],"version-history":[{"count":7,"href":"https:\/\/www.cartaecartiere.com\/en\/wp-json\/wp\/v2\/posts\/166\/revisions"}],"predecessor-version":[{"id":512,"href":"https:\/\/www.cartaecartiere.com\/en\/wp-json\/wp\/v2\/posts\/166\/revisions\/512"}],"wp:featuredmedia":[{"embeddable":true,"href":"https:\/\/www.cartaecartiere.com\/en\/wp-json\/wp\/v2\/media\/232"}],"wp:attachment":[{"href":"https:\/\/www.cartaecartiere.com\/en\/wp-json\/wp\/v2\/media?parent=166"}],"wp:term":[{"taxonomy":"category","embeddable":true,"href":"https:\/\/www.cartaecartiere.com\/en\/wp-json\/wp\/v2\/categories?post=166"},{"taxonomy":"post_tag","embeddable":true,"href":"https:\/\/www.cartaecartiere.com\/en\/wp-json\/wp\/v2\/tags?post=166"}],"curies":[{"name":"wp","href":"https:\/\/api.w.org\/{rel}","templated":true}]}}