{"id":2024,"date":"2023-06-27T15:17:35","date_gmt":"2023-06-27T13:17:35","guid":{"rendered":"https:\/\/www.cartaecartiere.com\/?p=2024"},"modified":"2023-06-28T15:28:08","modified_gmt":"2023-06-28T13:28:08","slug":"regolamento-imballaggi-la-posizionedella-federazione-carta-grafica","status":"publish","type":"post","link":"https:\/\/www.cartaecartiere.com\/en\/regolamento-imballaggi-la-posizionedella-federazione-carta-grafica\/","title":{"rendered":"Regolamento imballaggi: la posizionedella Federazione Carta Grafica"},"content":{"rendered":"\n<p class=\"has-drop-cap\">La necessit\u00e0 di adattare anche il comparto degli imballaggi alle nuove sfide della transizione ecologica e alla realizzazione degli obiettivi del Green Deal \u00e8 un\u2019esigenza ineludibile. Ma, proprio per questo, alcune delle proposte della Commissione appaiono, in mancanza di un\u2019adeguata valutazione dei benefici ambientali sulla base di mirate analisi LCA, volte solo all\u2019obiettivo di ridurre \u201cnumericamente\u201d i rifiuti di imballaggio, senza considerare gli impatti negativi delle proposte in termini di spreco alimentare, tutela della sicurezza e della salute dei consumatori e dell\u2019integrit\u00e0 dei prodotti. <\/p>\n\n\n\n<p>La spinta verso il riuso che la Commissione vuole imprimere rischia di introdurre un modello di produzione disaccoppiato dal modello di distribuzione, che ne risulterebbe \u201cframmentato\u201d, inefficiente e dall\u2019elevato impatto ambientale ed economico. <\/p>\n\n\n\n<p>\u201cSul riuso verso il riciclo &#8211; afferma il Direttore Generale di Assocarta e Federazione Carta Grafica <strong>Massimo Medugno <\/strong>&#8211; si \u00e8 innescata una disputa ideologica priva di senso. Ma \u00e8 la Commissione ad averne creato i presupposti, nel momento che \u201cspinge\u201d verso il riuso ignorando il principio fondamentale della legislazione europea vigente, per il quale la gerarchia dei rifiuti va interpretata alla luce del miglior risultato ambientale conseguibile. Un principio che andrebbe quindi reintrodotto, o gli imballaggi a base di cellulosa andrebbero esentati dagli obiettivi di riuso (con particolare attenzione alla protezione dei prodotti microbiologicamente sensibili e agli imballaggi a contatto con alimenti). Cos\u00ec come \u00e8 assurdo prevedere restrizioni verso gli imballaggi e i prodotti monouso in carta, che sono gi\u00e0 oggi perfettamente riciclabili e ampiamente riciclati. Servono norme e obiettivi differenziati a seconda dei diversi materiali, cos\u00ec come ad oggi la carta ha obiettivi di riciclo diversi e molto pi\u00f9 alti degli altri materiali; obiettivi che il nostro settore \u00e8 disponibile a rivedere anche al rialzo\u201d. <\/p>\n\n\n\n<p>\u201cSul ricorso al Regolamento &#8211; precisa ancora il Direttore Generale di Assografici <strong>Maurizio D\u2019Adda<\/strong> &#8211; tanto si \u00e8 gi\u00e0 detto e condiviso sulle criticit\u00e0 legate a questo strumento legislativo. \u00c8 quindi essenziale che l\u2019uso degli Atti Delegati sia limitato, che il CEN &#8211; Comitato Europeo di Normazione e i settori industriali siano coinvolti nell\u2019elaborazione delle norme sulla riciclabilit\u00e0 e che agli Stati Membri non sia concesso di introdurre misure incrementali che vanificherebbero quella armonizzazione che si vorrebbe perseguire con il Regolamento. Sulla riciclabilit\u00e0 riteniamo che non si possano porre obiettivi ambiziosi senza introdurre obiettivi altrettanto stringenti in termini di raccolta differenziata degli imballaggi, senza i quali si andrebbe verso la messa al bando di intere categorie di imballaggi\u201d.<\/p>\n","protected":false},"excerpt":{"rendered":"<p>La necessit\u00e0 di adattare anche il comparto degli imballaggi alle nuove sfide della transizione ecologica e alla realizzazione degli obiettivi del Green Deal \u00e8 un\u2019esigenza ineludibile. Ma, proprio per questo, alcune delle proposte della Commissione appaiono, in mancanza di un\u2019adeguata valutazione dei benefici ambientali sulla base di mirate analisi LCA, volte solo all\u2019obiettivo di ridurre &hellip; <a href=\"https:\/\/www.cartaecartiere.com\/en\/regolamento-imballaggi-la-posizionedella-federazione-carta-grafica\/\">Continued<\/a><\/p>\n","protected":false},"author":2,"featured_media":2027,"comment_status":"closed","ping_status":"closed","sticky":false,"template":"","format":"standard","meta":{"_acf_changed":false,"inline_featured_image":false,"footnotes":""},"categories":[81],"tags":[34],"class_list":["post-2024","post","type-post","status-publish","format-standard","has-post-thumbnail","hentry","category-maggio-giugno-2023","tag-news"],"acf":[],"_links":{"self":[{"href":"https:\/\/www.cartaecartiere.com\/en\/wp-json\/wp\/v2\/posts\/2024","targetHints":{"allow":["GET"]}}],"collection":[{"href":"https:\/\/www.cartaecartiere.com\/en\/wp-json\/wp\/v2\/posts"}],"about":[{"href":"https:\/\/www.cartaecartiere.com\/en\/wp-json\/wp\/v2\/types\/post"}],"author":[{"embeddable":true,"href":"https:\/\/www.cartaecartiere.com\/en\/wp-json\/wp\/v2\/users\/2"}],"replies":[{"embeddable":true,"href":"https:\/\/www.cartaecartiere.com\/en\/wp-json\/wp\/v2\/comments?post=2024"}],"version-history":[{"count":5,"href":"https:\/\/www.cartaecartiere.com\/en\/wp-json\/wp\/v2\/posts\/2024\/revisions"}],"predecessor-version":[{"id":2035,"href":"https:\/\/www.cartaecartiere.com\/en\/wp-json\/wp\/v2\/posts\/2024\/revisions\/2035"}],"wp:featuredmedia":[{"embeddable":true,"href":"https:\/\/www.cartaecartiere.com\/en\/wp-json\/wp\/v2\/media\/2027"}],"wp:attachment":[{"href":"https:\/\/www.cartaecartiere.com\/en\/wp-json\/wp\/v2\/media?parent=2024"}],"wp:term":[{"taxonomy":"category","embeddable":true,"href":"https:\/\/www.cartaecartiere.com\/en\/wp-json\/wp\/v2\/categories?post=2024"},{"taxonomy":"post_tag","embeddable":true,"href":"https:\/\/www.cartaecartiere.com\/en\/wp-json\/wp\/v2\/tags?post=2024"}],"curies":[{"name":"wp","href":"https:\/\/api.w.org\/{rel}","templated":true}]}}