{"id":2067,"date":"2023-06-27T16:05:29","date_gmt":"2023-06-27T14:05:29","guid":{"rendered":"https:\/\/www.cartaecartiere.com\/?p=2067"},"modified":"2023-06-28T15:28:08","modified_gmt":"2023-06-28T13:28:08","slug":"revisione-della-normativa-imballaggi","status":"publish","type":"post","link":"https:\/\/www.cartaecartiere.com\/en\/revisione-della-normativa-imballaggi\/","title":{"rendered":"Revisione della normativa imballaggi"},"content":{"rendered":"\n<p class=\"has-drop-cap\">\u201cSe spetta all\u2019Europa indicare gli obiettivi ambientali, essa non pu\u00f2 tuttavia giungere a imporre le uniche modalit\u00e0 per raggiungerli &#8211; ha affermato <strong>Massimo Medugno<\/strong>, Direttore Generale di Assocarta durante l\u2019audizione a Roma. La proposta di revisione della normativa imballaggi, secondo Assocarta, non \u00e8 corretta sotto il profilo dello strumento e dei contenuti\u201d. <\/p>\n\n\n\n<p>La Commissione ha l\u2019obiettivo di ridurre gli imballaggi. Spinge quindi sul riuso e impone restrizioni ai prodotti monouso a prescindere dalla loro funzione d\u2019uso e dalle motivazioni economico e sociali. <\/p>\n\n\n\n<p>\u201cGli imballaggi a base cellulosa sono sostenibili, in quanto prodotti con materie prime rinnovabili, riciclabili e di provenienza sostenibile e caratterizzati da un elevato tasso di riciclo a fine vita. Grazie alla gestione sostenibile delle foreste, l\u2019Europa pu\u00f2 affermare con orgoglio di avere oggi pi\u00f9 risorse forestali rispetto a un secolo fa: negli ultimi 30 anni la superficie forestale europea \u00e8 cresciuta di 19,3 milioni di ettari. Si stima infatti che le foreste e il settore forestale assorbano, ogni anno, circa il 20% delle emissioni totali di gas serra dell\u2019UE, contribuendo alla realizzazione degli obiettivi climatici dell\u2019UE\u201d &#8211; ha spiegato Medugno. <\/p>\n\n\n\n<p>Parimenti, con un tasso di riciclo che conferma anno dopo anno risultati eccezionali (81,6%), gli imballaggi in fibra sono gi\u00e0 protagonisti indiscussi dell\u2019economia circolare. Gli imballaggi rappresentano, quindi, un importante mercato finale per le risorse rinnovabili come le fibre di legno e la pasta legno utilizzate per produrre carta, cartone e cartoncino. <\/p>\n\n\n\n<p>\u201cLe politiche che limitano o vietano l\u2019uso di imballaggi rinnovabili a base di carta avranno quindi un forte impatto ambientale, economico e sociale sulla sostenibilit\u00e0 delle foreste e del settore forestale in Europa\u201d &#8211; ha concluso Medugno. <\/p>\n\n\n\n<p>Secondo un recente studio commissionato dalla filiera cartaria, a livello europeo, la sostituzione di imballaggi monouso nella ristorazione con quelli riutilizzabili, entro il 2030 in Belgio, comporter\u00e0 fino a +160% di emissioni di CO2 e fino +130% di costi. Nel caso, invece, di riutilizzo nel campo del commercio elettronico, nello stesso periodo in Germania, le emissioni di CO2 aumenterebbero fino al 40% e i costi fino al +200%.<\/p>\n","protected":false},"excerpt":{"rendered":"<p>\u201cSe spetta all\u2019Europa indicare gli obiettivi ambientali, essa non pu\u00f2 tuttavia giungere a imporre le uniche modalit\u00e0 per raggiungerli &#8211; ha affermato Massimo Medugno, Direttore Generale di Assocarta durante l\u2019audizione a Roma. La proposta di revisione della normativa imballaggi, secondo Assocarta, non \u00e8 corretta sotto il profilo dello strumento e dei contenuti\u201d. La Commissione ha &hellip; <a href=\"https:\/\/www.cartaecartiere.com\/en\/revisione-della-normativa-imballaggi\/\">Continued<\/a><\/p>\n","protected":false},"author":2,"featured_media":2072,"comment_status":"closed","ping_status":"closed","sticky":false,"template":"","format":"standard","meta":{"_acf_changed":false,"inline_featured_image":false,"footnotes":""},"categories":[81],"tags":[34],"class_list":["post-2067","post","type-post","status-publish","format-standard","has-post-thumbnail","hentry","category-maggio-giugno-2023","tag-news"],"acf":[],"_links":{"self":[{"href":"https:\/\/www.cartaecartiere.com\/en\/wp-json\/wp\/v2\/posts\/2067","targetHints":{"allow":["GET"]}}],"collection":[{"href":"https:\/\/www.cartaecartiere.com\/en\/wp-json\/wp\/v2\/posts"}],"about":[{"href":"https:\/\/www.cartaecartiere.com\/en\/wp-json\/wp\/v2\/types\/post"}],"author":[{"embeddable":true,"href":"https:\/\/www.cartaecartiere.com\/en\/wp-json\/wp\/v2\/users\/2"}],"replies":[{"embeddable":true,"href":"https:\/\/www.cartaecartiere.com\/en\/wp-json\/wp\/v2\/comments?post=2067"}],"version-history":[{"count":2,"href":"https:\/\/www.cartaecartiere.com\/en\/wp-json\/wp\/v2\/posts\/2067\/revisions"}],"predecessor-version":[{"id":2077,"href":"https:\/\/www.cartaecartiere.com\/en\/wp-json\/wp\/v2\/posts\/2067\/revisions\/2077"}],"wp:featuredmedia":[{"embeddable":true,"href":"https:\/\/www.cartaecartiere.com\/en\/wp-json\/wp\/v2\/media\/2072"}],"wp:attachment":[{"href":"https:\/\/www.cartaecartiere.com\/en\/wp-json\/wp\/v2\/media?parent=2067"}],"wp:term":[{"taxonomy":"category","embeddable":true,"href":"https:\/\/www.cartaecartiere.com\/en\/wp-json\/wp\/v2\/categories?post=2067"},{"taxonomy":"post_tag","embeddable":true,"href":"https:\/\/www.cartaecartiere.com\/en\/wp-json\/wp\/v2\/tags?post=2067"}],"curies":[{"name":"wp","href":"https:\/\/api.w.org\/{rel}","templated":true}]}}