{"id":2206,"date":"2023-06-28T12:01:03","date_gmt":"2023-06-28T10:01:03","guid":{"rendered":"https:\/\/www.cartaecartiere.com\/?p=2206"},"modified":"2023-06-28T15:26:14","modified_gmt":"2023-06-28T13:26:14","slug":"congresso-eurosac-2023-dalla-natura-alla-natura","status":"publish","type":"post","link":"https:\/\/www.cartaecartiere.com\/en\/congresso-eurosac-2023-dalla-natura-alla-natura\/","title":{"rendered":"Congresso Eurosac 2023: dalla natura alla natura"},"content":{"rendered":"\n<p>L\u2019industria europea dei sacchi di carta sta unendo le forze sempre di pi\u00f9: durante il Congresso, <strong>EUROSAC<\/strong> ha dato il benvenuto a cinque nuovi membri. <\/p>\n\n\n\n<p>\u201cLa nostra industria sta andando bene, anche se sta attraversando un periodo complicato &#8211; ha detto il Presidente di EUROSAC <strong>Olivier Tassel<\/strong> nel suo discorso di apertura, riferendosi alla difficile situazione economica e alla bassa domanda sul mercato dei sacchi di carta. Ci sono sfide e ci sono opportunit\u00e0. Sono convinto che le presentazioni e le discussioni del congresso ci offriranno molti spunti preziosi per cogliere queste opportunit\u00e0 sfruttando i vantaggi dei sacchi di carta\u201d. <\/p>\n\n\n\n<p>Nonostante le sfide affrontate nel 2022, come le interruzioni delle catene di approvvigionamento delle materie prime, l\u2019esplosione dei costi energetici e le carenze causate dalla guerra in Ucraina, l\u2019industria europea dei sacchi di carta si \u00e8 sviluppata a un livello simile a quello dell\u2019anno precedente con un totale di circa 6,2 miliardi di sacchi di carta. <\/p>\n\n\n\n<p>Il volume di sacchi di carta consegnato \u00e8 stato solo leggermente inferiore (-2,6%) rispetto al 2021. La variazione \u00e8 stata causata principalmente dal settore delle costruzioni, che ha una quota di mercato del 60% e ha registrato dati di fornitura in calo: -7,2% per il mercato dei sacchi di carta per cemento e -4,6% per i materiali da costruzione. Anche i prodotti chimici (-4,3%) e il latte in polvere (-1,5%) hanno registrato un calo delle forniture. <\/p>\n\n\n\n<p>I settori dei prodotti alimentari &#8211; ad eccezione del latte in polvere (+9,1%), dell\u2019alimentazione animale (+4,1%) e dei minerali (+1,7%) invece hanno registrato degli aumenti. La flessione interessa tuttora il settore e si riflette in un calo del 12% delle forniture di sacchi di carta nel primo trimestre 2023.<\/p>\n\n\n<div class=\"cecAdv-banner-wrap\">\n\t<div class=\"cecAdv\"  data-advshow=\"advframe-2206\">\n\t\t<a href=\"https:\/\/texpack.it\/\" target=\"_blank\">\n\t\t\t<img decoding=\"async\" src=\"https:\/\/www.cartaecartiere.com\/wp-content\/uploads\/2023\/06\/3-Maggio-Giugno-2023-CC-73-scaled.jpg\" no-lazy\/>\n\t\t<\/a>\n\t<\/div>\n<\/div>\n\n\n\n<p class=\"has-text-color has-h-3-font-size\" style=\"color:#f36f21\">Progressi verso gli obiettivi della legislazione UE in materia di imballaggio<\/p>\n\n\n\n<p>Dal Green Deal dell\u2019UE, attraverso varie politiche ambientali, fino al Regolamento sugli imballaggi e i rifiuti di imballaggio, il pubblico ha avuto modo di approfondire gli ultimi sviluppi della legislazione dell\u2019UE in rapida evoluzione che interessa il settore dei sacchi di carta. \u201cNel 2030, la sostenibilit\u00e0 dei sacchi di carta dovr\u00e0 essere dimostrata &#8211; ha spiegato <strong>Krassimira Kazashka <\/strong>di CITPA. L\u2019industria degli imballaggi in carta e cartone \u00e8 smart, innovativa e in grado di affrontare le sfide e plasmare un futuro sostenibile\u201d. <\/p>\n\n\n\n<figure class=\"wp-block-image size-large\"><img loading=\"lazy\" decoding=\"async\" width=\"1024\" height=\"602\" src=\"https:\/\/www.cartaecartiere.com\/wp-content\/uploads\/2023\/06\/3-Maggio-Giugno-2023-CC-239-1024x602.jpg\" alt=\"\" class=\"wp-image-2207\" srcset=\"https:\/\/www.cartaecartiere.com\/wp-content\/uploads\/2023\/06\/3-Maggio-Giugno-2023-CC-239-1024x602.jpg 1024w, https:\/\/www.cartaecartiere.com\/wp-content\/uploads\/2023\/06\/3-Maggio-Giugno-2023-CC-239-300x176.jpg 300w, https:\/\/www.cartaecartiere.com\/wp-content\/uploads\/2023\/06\/3-Maggio-Giugno-2023-CC-239-768x451.jpg 768w, https:\/\/www.cartaecartiere.com\/wp-content\/uploads\/2023\/06\/3-Maggio-Giugno-2023-CC-239.jpg 1181w\" sizes=\"auto, (max-width: 1024px) 100vw, 1024px\" \/><figcaption class=\"wp-element-caption\">Il Congresso EUROSAC di Verona ha visto la presenza di pi\u00f9 di 130 partecipanti desiderosi di ricevere un aggiornamento sui recenti sviluppi dell\u2019industria europea dei sacchi di carta (copyright EUROSAC).<\/figcaption><\/figure>\n\n\n\n<p>All\u2019ordine del giorno c\u2019era anche un aggiornamento sulle recenti attivit\u00e0 di comunicazione e ricerca del settore, che stanno contribuendo a raggiungere obiettivi ambiziosi. In linea con il filo conduttore del Congresso \u201cdalla natura alla natura\u201d, l\u2019attenzione \u00e8 stata posta in particolare sulle iniziative e sulle aziende che sostengono e accelerano l\u2019economia circolare con i sacchi di carta industriali. <\/p>\n\n\n\n<p>La presentazione di una rivoluzionaria tecnologia di recupero dei rifiuti dagli Stati Uniti ha offerto ai partecipanti spunti interessanti su come recuperare la fibra e promuovere la circolarit\u00e0 delle risorse. Francia e Italia hanno presentato degli esempi di come l\u2019approccio alla raccolta, la selezione e il riciclaggio dei sacchi di carta si differenzi nell\u2019UE. <\/p>\n\n\n\n<p>Il modello francese si concentra su una responsabilit\u00e0 estesa del produttore al fine di creare il sistema finanziario per il riciclaggio. Al centro del modello italiano c\u2019\u00e8 invece la collaborazione con tutti i principali stakeholder lungo la filiera dei sacchi di carta. Insieme hanno avviato un progetto circolare per la raccolta, la separazione e il riciclaggio dei sacchi di carta per il settore dei materiali da costruzione. Interessanti novit\u00e0 all\u2019EUROSAC Grand Prix Award 2023 Le aziende associate a EUROSAC brillano per il forte spirito d\u2019innovazione: il prestigioso Grand Prix Award ha visto la partecipazione numerosa di undici proposte provenienti da sei aziende diverse. L\u2019Award premia le innovazioni che aggiungono pi\u00f9 valore ai clienti del settore e all\u2019ambiente. <\/p>\n\n\n\n<p>\u201cScegliere i vincitori tra queste proposte cos\u00ec diverse non \u00e8 stato facile. Tutte dimostrano che il nostro settore avanza molto rapidamente non solo verso i requisiti imposti dalla legislazione, ma anche verso le esigenze del mercato\u201d &#8211; ha dichiarato il Presidente della giuria <strong>Herbert Rode<\/strong>. <\/p>\n\n\n\n<p>Il Gold Award \u00e8 andato a Saccarta per l\u2019innovazione Window Valve Bag: \u201cla soluzione ha un\u2019elevata rilevanza pratica: presenta molti vantaggi per l\u2019utente finale e l\u2019ambiente. Inoltre pu\u00f2 essere utilizzata per tutta una serie di prodotti provenienti da diversi segmenti\u201d &#8211; cos\u00ec Rode ha spiegato la decisione della giuria. La Window Valve Bag \u00e8 la logica evoluzione del fortunato sacco finestra a bocca aperta dell\u2019azienda. Una finestra inserita nella struttura del sacco di carta consente all\u2019utente finale di vedere il prodotto all\u2019interno. Il sacco \u00e8 un\u2019alternativa sostenibile ai tradizionali sacchi di plastica con valvola. Secondo Saccarta abbassa i costi di riciclaggio e riduce dell\u201980% l\u2019impatto ambientale rispetto ai sacchi di plastica. Grazie alla sua traspirabilit\u00e0, il rischio di contaminazioni \u00e8 ridotto al minimo. I clienti beneficiano anche di velocit\u00e0 di riempimento pi\u00f9 elevate, una pallettizzazione pi\u00f9 facile e una migliore stampabilit\u00e0. <\/p>\n\n\n\n<p>Tra i premiati anche dydry di dy-pack che si \u00e8 aggiudicato il Silver Award. Performance White Barrier di Billerud ed EcoLayer di Klabin hanno convinto la giuria, che li ha premiati con il Bronze Award. Next di Alier ha avuto l\u2019onore di ricevere l\u2019Industry Special Award. Infine, il pi\u00f9 popolare tra il pubblico \u00e8 stato il Protector Bag ExpandForm di Mondi, che ha ricevuto il Public Choice Award.<\/p>\n","protected":false},"excerpt":{"rendered":"<p>L\u2019industria europea dei sacchi di carta sta unendo le forze sempre di pi\u00f9: durante il Congresso, EUROSAC ha dato il benvenuto a cinque nuovi membri. \u201cLa nostra industria sta andando bene, anche se sta attraversando un periodo complicato &#8211; ha detto il Presidente di EUROSAC Olivier Tassel nel suo discorso di apertura, riferendosi alla difficile &hellip; <a href=\"https:\/\/www.cartaecartiere.com\/en\/congresso-eurosac-2023-dalla-natura-alla-natura\/\">Continued<\/a><\/p>\n","protected":false},"author":2,"featured_media":2213,"comment_status":"closed","ping_status":"closed","sticky":false,"template":"","format":"standard","meta":{"_acf_changed":false,"inline_featured_image":false,"footnotes":""},"categories":[81],"tags":[],"class_list":["post-2206","post","type-post","status-publish","format-standard","has-post-thumbnail","hentry","category-maggio-giugno-2023"],"acf":[],"_links":{"self":[{"href":"https:\/\/www.cartaecartiere.com\/en\/wp-json\/wp\/v2\/posts\/2206","targetHints":{"allow":["GET"]}}],"collection":[{"href":"https:\/\/www.cartaecartiere.com\/en\/wp-json\/wp\/v2\/posts"}],"about":[{"href":"https:\/\/www.cartaecartiere.com\/en\/wp-json\/wp\/v2\/types\/post"}],"author":[{"embeddable":true,"href":"https:\/\/www.cartaecartiere.com\/en\/wp-json\/wp\/v2\/users\/2"}],"replies":[{"embeddable":true,"href":"https:\/\/www.cartaecartiere.com\/en\/wp-json\/wp\/v2\/comments?post=2206"}],"version-history":[{"count":3,"href":"https:\/\/www.cartaecartiere.com\/en\/wp-json\/wp\/v2\/posts\/2206\/revisions"}],"predecessor-version":[{"id":2221,"href":"https:\/\/www.cartaecartiere.com\/en\/wp-json\/wp\/v2\/posts\/2206\/revisions\/2221"}],"wp:featuredmedia":[{"embeddable":true,"href":"https:\/\/www.cartaecartiere.com\/en\/wp-json\/wp\/v2\/media\/2213"}],"wp:attachment":[{"href":"https:\/\/www.cartaecartiere.com\/en\/wp-json\/wp\/v2\/media?parent=2206"}],"wp:term":[{"taxonomy":"category","embeddable":true,"href":"https:\/\/www.cartaecartiere.com\/en\/wp-json\/wp\/v2\/categories?post=2206"},{"taxonomy":"post_tag","embeddable":true,"href":"https:\/\/www.cartaecartiere.com\/en\/wp-json\/wp\/v2\/tags?post=2206"}],"curies":[{"name":"wp","href":"https:\/\/api.w.org\/{rel}","templated":true}]}}