{"id":3951,"date":"2023-12-12T18:17:47","date_gmt":"2023-12-12T17:17:47","guid":{"rendered":"https:\/\/www.cartaecartiere.com\/?p=3951"},"modified":"2023-12-13T00:48:13","modified_gmt":"2023-12-12T23:48:13","slug":"miac-grandi-numeri-per-la-29a-edizione","status":"publish","type":"post","link":"https:\/\/www.cartaecartiere.com\/en\/miac-grandi-numeri-per-la-29a-edizione\/","title":{"rendered":"MIAC, grandi numeri per la 29a edizione"},"content":{"rendered":"\n<p class=\"has-drop-cap\">Stand tutti esauriti nei Padiglioni dell\u2019ultima edizione del MIAC per una panoramica a 360 gradi sul settore cartario. La ventinovesima edizione della Mostra Internazionale dell\u2019Industria Cartaria &#8211; patrocinata da <strong>Assocarta<\/strong> e <strong>Confindustria Toscana Nord<\/strong> &#8211; ha riaffermato il suo ruolo di rassegna fieristica ai primi posti nel settore dei macchinari e delle attrezzature utilizzate nell\u2019industria cartaria per la produzione e la trasformazione. <\/p>\n\n\n\n<p>Una kermesse di respiro internazionale con 250 espositori presenti, che ha raccolto nelle tre giornate della manifestazione oltre 6 mila addetti internazionali. Nell\u2019affollatissimo Polo Fieristico della citt\u00e0 di Lucca si sono dati appuntamento visitatori provenienti da tutto il mondo &#8211; amministratori delegati, direttori, conduttori di macchina, tecnici e manager di cartiera e dei trasformatori di carta tissue &#8211; per fare il punto sull\u2019andamento del settore, sulle tendenze di mercato, sullo sviluppo tecnologico e sull\u2019adeguamento dei macchinari per la produzione e il converting della carta e del cartone. <\/p>\n\n\n\n<p>Un\u2019occasione irrinunciabile per conoscere e incontrare da vicino le aziende leader di settore, ma anche per l\u2019aggiornamento professionale, grazie ai diversi Convegni internazionali organizzati in collaborazione con Assocarta e Confindustria Toscana Nord durante le tre giornate della manifestazione. Di rilievo anche la partecipazione della stampa specializzata, con giornalisti accreditati di oltre 20 testate da tutto il mondo. <\/p>\n\n\n<div class=\"cecAdv-banner-wrap\">\n\t<div class=\"cecAdv\"  data-advshow=\"advframe-3951\">\n\t\t<a href=\"https:\/\/www.runtechsystems.com\/it-it\/\" target=\"_blank\">\n\t\t\t<img decoding=\"async\" src=\"https:\/\/www.cartaecartiere.com\/wp-content\/uploads\/2023\/12\/6-Novembre-Dicembre-2023-CC-9-scaled.jpg\" no-lazy\/>\n\t\t<\/a>\n\t<\/div>\n<\/div>\n\n\n\n<figure class=\"wp-block-image size-large\"><img loading=\"lazy\" decoding=\"async\" width=\"1024\" height=\"582\" src=\"https:\/\/www.cartaecartiere.com\/wp-content\/uploads\/2023\/12\/imm-5-1024x582.jpg\" alt=\"Il taglio del nastro\ndi MIAC 2023.\" class=\"wp-image-3956\" srcset=\"https:\/\/www.cartaecartiere.com\/wp-content\/uploads\/2023\/12\/imm-5-1024x582.jpg 1024w, https:\/\/www.cartaecartiere.com\/wp-content\/uploads\/2023\/12\/imm-5-300x171.jpg 300w, https:\/\/www.cartaecartiere.com\/wp-content\/uploads\/2023\/12\/imm-5-768x437.jpg 768w, https:\/\/www.cartaecartiere.com\/wp-content\/uploads\/2023\/12\/imm-5-600x341.jpg 600w, https:\/\/www.cartaecartiere.com\/wp-content\/uploads\/2023\/12\/imm-5.jpg 1481w\" sizes=\"auto, (max-width: 1024px) 100vw, 1024px\" \/><figcaption class=\"wp-element-caption\">Il taglio del nastro\ndi MIAC 2023.<\/figcaption><\/figure>\n\n\n\n<p>\u201cLa manifestazione &#8211; spiega<strong> Gianmaria Pfeiffer, Direttore del MIAC<\/strong> &#8211; rappresenta un appuntamento annuale imperdibile per gli addetti ai lavori grazie alla presenza nei padiglioni espositivi del Polo Fiere di Lucca delle pi\u00f9 importanti imprese del settore a livello nazionale e internazionale. L\u2019ultima edizione ha registrato ancora una volta il tutto esaurito e si \u00e8 contraaddistinta per un clima positivo e di fiducia sia da parte degli espositori che dei numerosi visitatori\u201d. <\/p>\n\n\n\n<p>Come di consueto, i battenti del MIAC 2023 si sono aperti con il tradizionale taglio del nastro della manifestazione, seguito dal covegno di apertura dal titolo \u201cLa competitivit\u00e0 dell\u2019industria cartaria. Tra costi energetici e decarbonizzazione\u201d. Moderato da <strong>Silvia Ognibene, giornalista del Corriere Fiorentino e collaboratrice di Reuters<\/strong>, al convegno sono intervenuti il Presidente di Assocarta Lorenzo Poli, il Vice Presidente di Confindustria Toscana Nord Tiziano Pieretti, il Presidente di GSE (Gestore Servizi Energetici) Paolo Arrigoni e l\u2019Assessore all\u2019Economia, attivit\u00e0 produttive, politiche del credito e turismo della Regione Toscana Leonardo Marras.<\/p>\n\n\n\n<p class=\"has-text-color has-link-color has-h-4-font-size wp-elements-1f8dad64b73ad7e408a4cc24fc2607d8\" style=\"color:#0072bc\">LORENZO POLI, Presidente di Assocarta <\/p>\n\n\n\n<p class=\"has-text-color has-link-color wp-elements-6ff601892bb26defc84248b828c3500f\" style=\"color:#0072bc\">Difendere la competitiv\u00e0 dell\u2019industria cartaria<\/p>\n\n\n\n<p>Nell\u2019attuale contesto inflattivo contrassegnato da un aumento dei tassi di interesse &#8211; che rappresenta un forte ostacolo agli investimenti in decarbonizzazione e innovazione del settore manifatturiero &#8211; diventa ancora pi\u00f9 essenziale una politica industriale nazionale che metta le aziende della nostra filiera cartaria nelle stesse condizioni competitive dei competitors europei ed extraeuropei. <\/p>\n\n\n\n<p>La nostra competitivit\u00e0 si trova infatti in \u201capnea\u201d a causa del gap tra la bolletta energetica italiana e quella europea. Francia e Germania, ad esempio, hanno ricevuto sostegni al caro energia sotto varie forme. Pertanto, l\u2019industria cartaria italiana chiede al Governo una misura \u201cponte\u201d come quella dei crediti d\u2019imposta, una \u201cgaranzia assicurativa\u201d di medio periodo e chiede altres\u00ec di non mettere in difficolt\u00e0 le imprese energivore andando a modificare a ritroso i termini di utilizzo dei crediti di imposta 2023. Ci riferiamo, in particolare, ad una gas release dedicata ai settori industriali (rispetto al quale \u00e8 fondamentale rimuovere il cap previsto per legge) e ad una electricity release, con la previsione di meccanismi che accelerino gli investimenti in decarbonizzazione. <\/p>\n\n\n<div class=\"cecAdv-banner-wrap\">\n\t<div class=\"cecAdv\"  data-advshow=\"advframe-3951\">\n\t\t<a href=\"https:\/\/schaeferrolls.com\/\" target=\"_blank\">\n\t\t\t<img decoding=\"async\" src=\"https:\/\/www.cartaecartiere.com\/wp-content\/uploads\/2023\/12\/6-Novembre-Dicembre-2023-CC-11-scaled.jpg\" no-lazy\/>\n\t\t<\/a>\n\t<\/div>\n<\/div>\n\n\n\n<figure data-wp-context=\"{&quot;imageId&quot;:&quot;69ee016a024e8&quot;}\" data-wp-interactive=\"core\/image\" data-wp-key=\"69ee016a024e8\" class=\"wp-block-image alignleft size-full is-resized wp-lightbox-container\"><img loading=\"lazy\" decoding=\"async\" width=\"673\" height=\"859\" data-wp-class--hide=\"state.isContentHidden\" data-wp-class--show=\"state.isContentVisible\" data-wp-init=\"callbacks.setButtonStyles\" data-wp-on--click=\"actions.showLightbox\" data-wp-on--load=\"callbacks.setButtonStyles\" data-wp-on-window--resize=\"callbacks.setButtonStyles\" src=\"https:\/\/www.cartaecartiere.com\/wp-content\/uploads\/2023\/12\/imm-6.jpg\" alt=\"Lorenzo Poli, Presidente\ndi Assocarta.\" class=\"wp-image-3958\" style=\"width:300px\" srcset=\"https:\/\/www.cartaecartiere.com\/wp-content\/uploads\/2023\/12\/imm-6.jpg 673w, https:\/\/www.cartaecartiere.com\/wp-content\/uploads\/2023\/12\/imm-6-235x300.jpg 235w, https:\/\/www.cartaecartiere.com\/wp-content\/uploads\/2023\/12\/imm-6-470x600.jpg 470w\" sizes=\"auto, (max-width: 673px) 100vw, 673px\" \/><button\n\t\t\tclass=\"lightbox-trigger\"\n\t\t\ttype=\"button\"\n\t\t\taria-haspopup=\"dialog\"\n\t\t\taria-label=\"Enlarge\"\n\t\t\tdata-wp-init=\"callbacks.initTriggerButton\"\n\t\t\tdata-wp-on--click=\"actions.showLightbox\"\n\t\t\tdata-wp-style--right=\"state.imageButtonRight\"\n\t\t\tdata-wp-style--top=\"state.imageButtonTop\"\n\t\t>\n\t\t\t<svg xmlns=\"http:\/\/www.w3.org\/2000\/svg\" width=\"12\" height=\"12\" fill=\"none\" viewBox=\"0 0 12 12\">\n\t\t\t\t<path fill=\"#fff\" d=\"M2 0a2 2 0 0 0-2 2v2h1.5V2a.5.5 0 0 1 .5-.5h2V0H2Zm2 10.5H2a.5.5 0 0 1-.5-.5V8H0v2a2 2 0 0 0 2 2h2v-1.5ZM8 12v-1.5h2a.5.5 0 0 0 .5-.5V8H12v2a2 2 0 0 1-2 2H8Zm2-12a2 2 0 0 1 2 2v2h-1.5V2a.5.5 0 0 0-.5-.5H8V0h2Z\" \/>\n\t\t\t<\/svg>\n\t\t<\/button><figcaption class=\"wp-element-caption\">Lorenzo Poli, Presidente\ndi Assocarta.<\/figcaption><\/figure>\n\n\n\n<p>Inoltre le risorse raccolte con le quote ETS devono tornare all\u00b9industria nella misura prevista dalle norme europee per finanziare la decarbonizzazione. <\/p>\n\n\n\n<p class=\"has-text-color has-link-color wp-elements-0a392a45cf4cbad624f3881efaaa429c\" style=\"color:#0072bc\">La leadership dell\u2019Italia nel settore cartario <\/p>\n\n\n\n<p>Tra il 2020 e il 2022 l\u2019incidenza sul fatturato del costo del gas \u00e8 passata dal 4,2% al 30,2% mentre nei primi sette mesi del 2023 la bolletta del gas del settore cartario \u00e8 stimata in circa 624 milioni di euro, con un\u2019incidenza sul fatturato di circa il 12%. Il prezzo medio mensile di settembre 2023 per l\u2019energia elettrica \u00e8 stato invece pari a circa 116 euro\/MWh che rimane, comunque, pi\u00f9 alto rispetto a Francia, Germania e Spagna. Inoltre, dopo i continui aumenti iniziati a marzo 2020, le quotazioni dei crediti di emissioni di CO2 si sono assestate su valori molto elevati: 85 \u20ac\/ton nella media dei primi mesi del 2023, ovvero oltre tre volte i valori di partenza (25 \u20ac\/ton medi nel periodo 2019-2020). Il freno competitivo diviene poi concorrenza sleale se consideriamo le aree extra Ue come Turchia, Asia e il continente americano, dove i costi energetici sono pi\u00f9 bassi e le conseguenze del conflitto ucraino sono minime. <\/p>\n\n\n\n<p>Va per\u00f2 sottolineato che gli investimenti e la resilienza del comparto cartario italiano, pur nella congiuntura difficile che stiamo vivendo, confermano l\u2019Italia leader, a livello europeo, nella produzione di carta per l\u2019utilizzo domestico e sanitario e secondo produttore europeo, dopo la Germania, sia per volumi complessivi di carta prodotta (10,2% dei volumi europei) che per l\u2019utilizzo di carta da riciclare (11,4% dei volumi europei). <\/p>\n\n\n\n<p>Anche Il raggiungimento dell\u2019obiettivo di riciclo dell\u201985% per gli imballaggi in carta \u00e8 ormai un dato consolidato, largamente in anticipo sulle scadenze europee. Pi\u00f9 in generale, dopo i massimi storici raggiunti nel 2021, il tasso di circolarit\u00e0 (tasso di utilizzo) si \u00e8 collocato nel 2022 al 62% mentre il tasso di raccolta \u00e8 stato pari al 61,7%, dopo aver toccato il valore massimo nel 2020 (70,8%).<\/p>\n\n\n\n<p class=\"has-text-color has-link-color has-h-4-font-size wp-elements-cee168e62963e5c72968cac620d7dd44\" style=\"color:#0072bc\">TIZIANO PIERETTI, Vice Presidente di Confindustria Toscana Nord <\/p>\n\n\n\n<p class=\"has-text-color has-link-color wp-elements-20b7653c0947a5ad9aaa7f227e8051a7\" style=\"color:#0072bc\">Incoraggiare gli investimenti in energie rinnovabili <\/p>\n\n\n\n<p>Il settore cartario \u00e8 abituato da anni a confrontarsi con il tema dei costi energetici. Il Distretto Cartario di Lucca e Pistoia risente anch\u2019esso, come tutto il settore a livello italiano, del gap dei costi energetici che penalizza le imprese nazionali. I forti investimenti effettuati nel tempo dalle imprese lucchesi in direzione della decarbonizzazione da un lato e del potenziamento dell\u2019autoproduzione dall\u2019altro, hanno portato risultati positivi che ci stanno aiutando a gestire questa fase gi\u00e0 complicata e probabilmente destinata a diventarlo ancora di pi\u00f9. <\/p>\n\n\n<div class=\"cecAdv-banner-wrap\">\n\t<div class=\"cecAdv\"  data-advshow=\"advframe-3951\">\n\t\t<a href=\"https:\/\/www.acelli.it\/it\/\" target=\"_blank\">\n\t\t\t<img decoding=\"async\" src=\"https:\/\/www.cartaecartiere.com\/wp-content\/uploads\/2023\/12\/6-Novembre-Dicembre-2023-CC-13-scaled.jpg\" no-lazy\/>\n\t\t<\/a>\n\t<\/div>\n<\/div>\n\n\n\n<p>Con l\u2019aprirsi del nuovo fronte di guerra in Medio Oriente \u00e8 facile prevedere che i prezzi di gas ed energia elettrica, sensibilissimi alle crisi internazionali, possano vivere una nuova stagione di impennate. \u00c8 fondamentale che a livello nazionale venga fatto tutto il possibile per sostenere le imprese: s\u00ec quindi ai crediti di imposta, s\u00ec a gas release ed electricity release, s\u00ec al sostegno alla decarbonizzazione anche attraverso i proventi ETS maturati negli scambi di quote di emissione.<\/p>\n\n\n\n<figure data-wp-context=\"{&quot;imageId&quot;:&quot;69ee016a0303c&quot;}\" data-wp-interactive=\"core\/image\" data-wp-key=\"69ee016a0303c\" class=\"wp-block-image alignleft size-full is-resized wp-lightbox-container\"><img loading=\"lazy\" decoding=\"async\" width=\"673\" height=\"859\" data-wp-class--hide=\"state.isContentHidden\" data-wp-class--show=\"state.isContentVisible\" data-wp-init=\"callbacks.setButtonStyles\" data-wp-on--click=\"actions.showLightbox\" data-wp-on--load=\"callbacks.setButtonStyles\" data-wp-on-window--resize=\"callbacks.setButtonStyles\" src=\"https:\/\/www.cartaecartiere.com\/wp-content\/uploads\/2023\/12\/imm-8.jpg\" alt=\"Tiziano Pieretti, Vice Presidente\ndi Confindustria Toscana Nord.\" class=\"wp-image-3962\" style=\"width:300px\" srcset=\"https:\/\/www.cartaecartiere.com\/wp-content\/uploads\/2023\/12\/imm-8.jpg 673w, https:\/\/www.cartaecartiere.com\/wp-content\/uploads\/2023\/12\/imm-8-235x300.jpg 235w, https:\/\/www.cartaecartiere.com\/wp-content\/uploads\/2023\/12\/imm-8-470x600.jpg 470w\" sizes=\"auto, (max-width: 673px) 100vw, 673px\" \/><button\n\t\t\tclass=\"lightbox-trigger\"\n\t\t\ttype=\"button\"\n\t\t\taria-haspopup=\"dialog\"\n\t\t\taria-label=\"Enlarge\"\n\t\t\tdata-wp-init=\"callbacks.initTriggerButton\"\n\t\t\tdata-wp-on--click=\"actions.showLightbox\"\n\t\t\tdata-wp-style--right=\"state.imageButtonRight\"\n\t\t\tdata-wp-style--top=\"state.imageButtonTop\"\n\t\t>\n\t\t\t<svg xmlns=\"http:\/\/www.w3.org\/2000\/svg\" width=\"12\" height=\"12\" fill=\"none\" viewBox=\"0 0 12 12\">\n\t\t\t\t<path fill=\"#fff\" d=\"M2 0a2 2 0 0 0-2 2v2h1.5V2a.5.5 0 0 1 .5-.5h2V0H2Zm2 10.5H2a.5.5 0 0 1-.5-.5V8H0v2a2 2 0 0 0 2 2h2v-1.5ZM8 12v-1.5h2a.5.5 0 0 0 .5-.5V8H12v2a2 2 0 0 1-2 2H8Zm2-12a2 2 0 0 1 2 2v2h-1.5V2a.5.5 0 0 0-.5-.5H8V0h2Z\" \/>\n\t\t\t<\/svg>\n\t\t<\/button><figcaption class=\"wp-element-caption\">Tiziano Pieretti, Vice Presidente\ndi Confindustria Toscana Nord.<\/figcaption><\/figure>\n\n\n\n<p>Sarebbe importante anche consentire e normare adeguatamente le comunit\u00e0 energetiche per il settore industriale. Ma c\u2019\u00e8 anche un livello regionale che avrebbe un ruolo importante nell\u2019incoraggiare gli investimenti in energie rinnovabili o provenienti da scarti non riutilizzabili; un ruolo che nella realt\u00e0 toscana \u00e8 ben poco esercitato. <\/p>\n\n\n\n<p>Nell\u2019area di riferimento di Confindustria Toscana Nord ci sono consorzi pronti a investire ma bloccati di fatto dalle difficolt\u00e0 di localizzazione di impianti fotovoltaici e di realizzazione di impianti a biomasse; nel caso di questi ultimi anche per problemi di reperibilit\u00e0 del materiale. E non dobbiamo dimenticare che l\u2019ostilit\u00e0 della Regione Toscana rispetto alla termovalorizzazione non lascia solo aperta la questione dello smaltimento dei rifiuti, inclusi gli scarti di pulper, ma inibisce di fatto anche la generazione di energia da questi materiali. <\/p>\n\n\n\n<p>Considerazioni analoghe valgono anche per i fanghi che residuano dalla depurazione delle acque. Quello dell\u2019energia \u00e8 un capitolo troppo importante per trascurare le opportunit\u00e0 che ci sono: non possiamo permettercelo da nessun punto di vista, n\u00e9 economico n\u00e9 ambientale. <\/p>\n\n\n\n<p class=\"has-text-color has-link-color wp-elements-cbdce706608cf6492c3750bec6f08c5e\" style=\"color:#0072bc\">I dati del Distretto Cartario di Lucca-Pistoia <\/p>\n\n\n\n<p>Il Distretto Cartario di Lucca e Pistoia conta 325 imprese, di cui 232 del settore carta-cartotecnica e 93 impegnate nella produzione di macchine per l\u2019industria cartaria. Gli occupati sono in tutto 10.252 nei due settori, rispettivamente 7.580 e 2.673 (dati Istat 2020, ultimi disponibili). <\/p>\n\n\n\n<p>Il 2022 si \u00e8 chiuso con dati positivi rispetto all\u2019anno precedente: per la cartacartotecnica +0,2% di produzione e +60,6% di export. I Paesi di destinazione dell\u2019export sono stati quasi esclusivamente europei, in testa a tutti Francia e Germania. <\/p>\n\n\n\n<figure class=\"wp-block-image size-large\"><img loading=\"lazy\" decoding=\"async\" width=\"1024\" height=\"554\" src=\"https:\/\/www.cartaecartiere.com\/wp-content\/uploads\/2023\/12\/imm-7-1024x554.jpg\" alt=\"La sala convegni del Polo Fiere di Lucca durante l'inaugurazione di MIAC 2023.\" class=\"wp-image-3960\" srcset=\"https:\/\/www.cartaecartiere.com\/wp-content\/uploads\/2023\/12\/imm-7-1024x554.jpg 1024w, https:\/\/www.cartaecartiere.com\/wp-content\/uploads\/2023\/12\/imm-7-300x162.jpg 300w, https:\/\/www.cartaecartiere.com\/wp-content\/uploads\/2023\/12\/imm-7-768x415.jpg 768w, https:\/\/www.cartaecartiere.com\/wp-content\/uploads\/2023\/12\/imm-7-1536x831.jpg 1536w, https:\/\/www.cartaecartiere.com\/wp-content\/uploads\/2023\/12\/imm-7-2048x1108.jpg 2048w, https:\/\/www.cartaecartiere.com\/wp-content\/uploads\/2023\/12\/imm-7-600x325.jpg 600w\" sizes=\"auto, (max-width: 1024px) 100vw, 1024px\" \/><figcaption class=\"wp-element-caption\">La sala convegni del Polo Fiere di Lucca durante l&#8217;inaugurazione di MIAC 2023.<\/figcaption><\/figure>\n\n\n\n<p>Per le macchine per la carta il 2022 si \u00e8 chiuso invece con +3% di produzione e +13,1% di export. Come destinazione dell\u2019export America e Europa si equivalgono (rispettivamente 39% e 38%); i primi mercati sono stati USA e Messico. <\/p>\n\n\n\n<p>Per entrambi i settori va ricordato che il dato dell\u2019export \u00e8 espresso in valori ed \u00e8 legato quindi alle dinamiche dei prezzi, a loro volta condizionati dall\u2019andamento dell\u2019inflazione. Nel primo semestre 2023 la produzione industriale delle imprese cartarie ha registrato una contrazione del -0,9%, a fronte di un incremento dell\u2019export di +4,3%; per le macchine per la carta -1,6% di produzione e -23% di export (dati Confindustria Toscana Nord e Istat). <\/p>\n\n\n<div class=\"cecAdv-banner-wrap\">\n\t<div class=\"cecAdv\"  data-advshow=\"advframe-3951\">\n\t\t<a href=\"https:\/\/tecmecsrl.com\/\" target=\"_blank\">\n\t\t\t<img decoding=\"async\" src=\"https:\/\/www.cartaecartiere.com\/wp-content\/uploads\/2023\/12\/6-Novembre-Dicembre-2023-CC-15-scaled.jpg\" no-lazy\/>\n\t\t<\/a>\n\t<\/div>\n<\/div>\n\n\n\n<p class=\"has-text-color has-link-color has-h-4-font-size wp-elements-ab2e055a4605841c45c2305ad3a37c3e\" style=\"color:#0072bc\">PAOLO ARRIGONI, Presidente di GSE <\/p>\n\n\n\n<p class=\"has-text-color has-link-color wp-elements-39449441e02aa018dbd3e191ea771958\" style=\"color:#0072bc\">Coniugare sicurezza energetica e competitivit\u00e0 <\/p>\n\n\n\n<p>La competitivit\u00e0 del sistema industriale \u00e8 un tema fondamentale ma purtroppo spesso trascurato nelle agende politiche degli scorsi anni. Non basta infatti produrre energia che abbia un minore impatto sull\u2019ambiente e una massima riduzione delle emissioni di CO2, ma bisogna pensare che deve essere prodotta anche in modo continuativo, stabile e a bassi costi per le imprese e i bilanci delle famiglie. <\/p>\n\n\n\n<p>Tenendo conto inoltre che il gap di costo a nostro sfavore rispetto a Francia e Germania \u00e8 sempre stato nell\u2019ordine del 15% negli anni pre Covid, mentre oggi ha raggiunto circa il 30%. C\u2019\u00e8 poi da considerare il tema della sicurezza energetica: l\u2019Italia ha una dipendenza energetica del 75% sui consumi finali lordi, contro una media del 54% dei Paesi dell\u2019Unione Europea. Oggi non siamo pi\u00f9 in una situazione di emergenza \u201ccaro energia\u201d come nel secondo semestre del 2021, ma ci troviamo comunque a livelli di costo che sono circa il doppio rispetto a quelli della serie storica pre Covid. <\/p>\n\n\n\n<figure data-wp-context=\"{&quot;imageId&quot;:&quot;69ee016a03cf3&quot;}\" data-wp-interactive=\"core\/image\" data-wp-key=\"69ee016a03cf3\" class=\"wp-block-image alignleft size-full is-resized wp-lightbox-container\"><img loading=\"lazy\" decoding=\"async\" width=\"674\" height=\"859\" data-wp-class--hide=\"state.isContentHidden\" data-wp-class--show=\"state.isContentVisible\" data-wp-init=\"callbacks.setButtonStyles\" data-wp-on--click=\"actions.showLightbox\" data-wp-on--load=\"callbacks.setButtonStyles\" data-wp-on-window--resize=\"callbacks.setButtonStyles\" src=\"https:\/\/www.cartaecartiere.com\/wp-content\/uploads\/2023\/12\/imm-9.jpg\" alt=\"Paolo Arrigoni,\nPresidente di GSE.\" class=\"wp-image-3964\" style=\"width:300px\" srcset=\"https:\/\/www.cartaecartiere.com\/wp-content\/uploads\/2023\/12\/imm-9.jpg 674w, https:\/\/www.cartaecartiere.com\/wp-content\/uploads\/2023\/12\/imm-9-235x300.jpg 235w, https:\/\/www.cartaecartiere.com\/wp-content\/uploads\/2023\/12\/imm-9-471x600.jpg 471w\" sizes=\"auto, (max-width: 674px) 100vw, 674px\" \/><button\n\t\t\tclass=\"lightbox-trigger\"\n\t\t\ttype=\"button\"\n\t\t\taria-haspopup=\"dialog\"\n\t\t\taria-label=\"Enlarge\"\n\t\t\tdata-wp-init=\"callbacks.initTriggerButton\"\n\t\t\tdata-wp-on--click=\"actions.showLightbox\"\n\t\t\tdata-wp-style--right=\"state.imageButtonRight\"\n\t\t\tdata-wp-style--top=\"state.imageButtonTop\"\n\t\t>\n\t\t\t<svg xmlns=\"http:\/\/www.w3.org\/2000\/svg\" width=\"12\" height=\"12\" fill=\"none\" viewBox=\"0 0 12 12\">\n\t\t\t\t<path fill=\"#fff\" d=\"M2 0a2 2 0 0 0-2 2v2h1.5V2a.5.5 0 0 1 .5-.5h2V0H2Zm2 10.5H2a.5.5 0 0 1-.5-.5V8H0v2a2 2 0 0 0 2 2h2v-1.5ZM8 12v-1.5h2a.5.5 0 0 0 .5-.5V8H12v2a2 2 0 0 1-2 2H8Zm2-12a2 2 0 0 1 2 2v2h-1.5V2a.5.5 0 0 0-.5-.5H8V0h2Z\" \/>\n\t\t\t<\/svg>\n\t\t<\/button><figcaption class=\"wp-element-caption\">Paolo Arrigoni,\nPresidente di GSE.<\/figcaption><\/figure>\n\n\n\n<p>A seguito della guerra Russo-Ucraina \u00e8 nato in Europa il piano RepowerEU per limitare la dipendenza dell\u2019Unione Europea dai combustibili fossili della Russia; tuttavia la diversificazione degli approvvigionamenti non ha trovato facilmente dei fornitori sostitutivi della Federazione Russa e ci\u00f2 inevitabilmente sta comportando una maggiore volatilit\u00e0 dei prezzi di petrolio e gas. <\/p>\n\n\n\n<p>Le istituzioni da questo punto di vista sono intervenute per contrastare il fenomeno fin dall\u2019inizio, considerando che gli ultimi due Governi hanno stanziato circa 100 miliardi di euro per calmierare il caro energia. <\/p>\n\n\n\n<p class=\"has-text-color has-link-color wp-elements-69ecde88b0bbe06d44cc5e6b730466b9\" style=\"color:#0072bc\">Favorire la transizione energetica del tessuto produttivo <\/p>\n\n\n\n<p>Nel settore cartario il fabbisogno di energia elettrica e termica riveste un ruolo determinante nella gestione e mantenimento della competitivit\u00e0 dei processi produttivi. <\/p>\n\n\n\n<p>GSE supporta il settore, che ha sempre prestato la massima attenzione all\u2019efficienza dei processi sotto il profilo energetico, con l\u2019erogazione di incentivi sia lato produzione, attraverso la cogenerazione, sia lato utilizzo con progetti di efficienza energetica. Il ruolo del GSE \u00e8 quello di sostenere interventi di efficientamento energetico e la produzione di energia da fonti rinnovabili nel nostro Paese attraverso diversi meccanismi di incentivazione, contribuendo alla decarbonizzazione del sistema energetico; un sistema complesso per cui serve un approccio olistico ed \u00e8 necessario avere come \u201cstella polare\u201d la sua sicurezza. <\/p>\n\n\n\n<p>Le FER (fonti rinnovabili di energia) oggi in Italia coprono circa un quinto dei consumi finali lordi di energia. Nel 2005 la quota era soltanto del 7,5%. Il contributo FER al percorso di decarbonizzazione, alla sicurezza energetica e alla riduzione della dipendenza energetica del Paese \u00e8 destinato a crescere, considerando gli obiettivi sfidanti stabiliti a livello europeo al 2030 (Fit for 55 e RepowerEU) e la loro declinazione a livello nazionale, al momento espressa nel Piano Nazionale Integrato per l\u2019Energia e il Clima (PNIEC). <\/p>\n\n\n<div class=\"cecAdv-banner-wrap\">\n\t<div class=\"cecAdv\"  data-advshow=\"advframe-3951\">\n\t\t<a href=\"https:\/\/sabasrl.com\/it\/\" target=\"_blank\">\n\t\t\t<img decoding=\"async\" src=\"https:\/\/www.cartaecartiere.com\/wp-content\/uploads\/2023\/12\/6-Novembre-Dicembre-2023-CC-17-scaled.jpg\" no-lazy\/>\n\t\t<\/a>\n\t<\/div>\n<\/div>\n\n\n\n<p>Nel 2021 GSE ha erogato incentivi per 15 miliardi di euro, fornendo supporto alla Pubblica Amministrazione sia locale che centrale, alle imprese e alle associazioni di categoria per lo sviluppo delle proprie politiche energetiche. Sul PNRR, il GSE \u00e8 stato chiamato a svolgere il ruolo di \u201cbraccio operativo\u201d del Governo: \u00e8 il soggetto attuatore di 6 misure e garante della corretta allocazione di risorse per un totale di circa 7,5 miliardi di euro per lo sviluppo di reti di teleriscaldamento efficiente, parchi agrisolari, agrivoltaico, sviluppo del biometano, infrastrutture di ricarica e CER (Comunit\u00e0 Energetiche Rinnovabili). <\/p>\n\n\n\n<p>Inoltre gestisce il meccanismo dei Certificati Bianchi per l\u2019efficientamento energetico ed \u00e8 stato chiamato ad amministrare la energy release e la gas release, annunciate dal Ministro Gilberto Pichetto Fratin, che consentiranno ai settori industriali hard to abate di avere energia a prezzi calmierati. Siamo sempre disponibili ad aprire un tavolo tecnico con le imprese per analizzare tutti gli strumenti esistenti. La transizione energetica \u00e8 una rivoluzione che interessa tutti, ma in molti &#8211; sia privati che pubbliche amministrazioni &#8211; non conoscono il ruolo centrale del GSE. <\/p>\n\n\n\n<p>Per questo abbiamo progettato il roadshow \u201cDiamo energia al cambiamento\u201d, con l\u2019obiettivo di incontrare imprenditori, amministratori e sindaci, tecnici, liberi professionisti e studenti, per far conoscere i meccanismi incentivanti e diffondere la cultura della sostenibilit\u00e0.<\/p>\n\n\n\n<p class=\"has-text-color has-link-color has-h-4-font-size wp-elements-d1dd17b41f04400382b7ad12e3fa075f\" style=\"color:#0072bc\">LEONARDO MARRAS, Assessore all\u2019economia, alle attivit\u00e0 produttive, politiche del credito e turismo della Regione Toscana <\/p>\n\n\n\n<p class=\"has-text-color has-link-color wp-elements-313a959c3318f418ce62493b98d635a0\" style=\"color:#0072bc\">Le difficolt\u00e0 della congiuntura non intaccano i primati del settore cartario <\/p>\n\n\n\n<p>Le crisi geopolitiche che si stanno diffondendo e che coinvolgono l\u2019intero occidente avranno degli effetti a livello economico, oltre che sociale e politico. Viviamo oggi in una situazione di rallentamento generale dell\u2019economia, soprattutto in Europa, che si aggiunge alle crisi precedenti dovute prima al Covid e poi al conflitto in Ucraina. <\/p>\n\n\n\n<p>Un contesto quindi non facile per il tessuto produttivo dove il settore cartario \u00e8 riuscito a mantenere un quadro congiunturale di stabilit\u00e0 e in alcuni casi di sviluppo. Uno sviluppo favorito soprattutto dai continui investimenti in innovazione e in efficienza dei processi produttivi che fanno del settore cartario italiano e in particolare della Regione Toscana un settore maturo che opera a livelli avanzati sul mercato globale. L\u2019industria della carta rappresenta un settore molto importante per l\u2019economia dei nostri territori, che si distingue in Italia e nel mondo per la qualit\u00e0 delle produzioni, gli elevati livelli di tecnologia e sicurezza e per la sostenibilit\u00e0. <\/p>\n\n\n<div class=\"cecAdv-banner-wrap\">\n\t<div class=\"cecAdv\"  data-advshow=\"advframe-3951\">\n\t\t<a href=\"https:\/\/unipakhellas.gr\/\" target=\"_blank\">\n\t\t\t<img decoding=\"async\" src=\"https:\/\/www.cartaecartiere.com\/wp-content\/uploads\/2023\/12\/6-Novembre-Dicembre-2023-CC-5-scaled.jpg\" no-lazy\/>\n\t\t<\/a>\n\t<\/div>\n<\/div>\n\n\n\n<figure data-wp-context=\"{&quot;imageId&quot;:&quot;69ee016a04ad0&quot;}\" data-wp-interactive=\"core\/image\" data-wp-key=\"69ee016a04ad0\" class=\"wp-block-image alignleft size-full is-resized wp-lightbox-container\"><img loading=\"lazy\" decoding=\"async\" width=\"673\" height=\"909\" data-wp-class--hide=\"state.isContentHidden\" data-wp-class--show=\"state.isContentVisible\" data-wp-init=\"callbacks.setButtonStyles\" data-wp-on--click=\"actions.showLightbox\" data-wp-on--load=\"callbacks.setButtonStyles\" data-wp-on-window--resize=\"callbacks.setButtonStyles\" src=\"https:\/\/www.cartaecartiere.com\/wp-content\/uploads\/2023\/12\/imm-10.jpg\" alt=\"Leonardo Marras, Assessore\nall\u2019economia, alle attivit\u00e0 produttive,\npolitiche del credito e turismo della\nRegione Toscana.\" class=\"wp-image-3966\" style=\"width:300px\" srcset=\"https:\/\/www.cartaecartiere.com\/wp-content\/uploads\/2023\/12\/imm-10.jpg 673w, https:\/\/www.cartaecartiere.com\/wp-content\/uploads\/2023\/12\/imm-10-222x300.jpg 222w, https:\/\/www.cartaecartiere.com\/wp-content\/uploads\/2023\/12\/imm-10-444x600.jpg 444w\" sizes=\"auto, (max-width: 673px) 100vw, 673px\" \/><button\n\t\t\tclass=\"lightbox-trigger\"\n\t\t\ttype=\"button\"\n\t\t\taria-haspopup=\"dialog\"\n\t\t\taria-label=\"Enlarge\"\n\t\t\tdata-wp-init=\"callbacks.initTriggerButton\"\n\t\t\tdata-wp-on--click=\"actions.showLightbox\"\n\t\t\tdata-wp-style--right=\"state.imageButtonRight\"\n\t\t\tdata-wp-style--top=\"state.imageButtonTop\"\n\t\t>\n\t\t\t<svg xmlns=\"http:\/\/www.w3.org\/2000\/svg\" width=\"12\" height=\"12\" fill=\"none\" viewBox=\"0 0 12 12\">\n\t\t\t\t<path fill=\"#fff\" d=\"M2 0a2 2 0 0 0-2 2v2h1.5V2a.5.5 0 0 1 .5-.5h2V0H2Zm2 10.5H2a.5.5 0 0 1-.5-.5V8H0v2a2 2 0 0 0 2 2h2v-1.5ZM8 12v-1.5h2a.5.5 0 0 0 .5-.5V8H12v2a2 2 0 0 1-2 2H8Zm2-12a2 2 0 0 1 2 2v2h-1.5V2a.5.5 0 0 0-.5-.5H8V0h2Z\" \/>\n\t\t\t<\/svg>\n\t\t<\/button><figcaption class=\"wp-element-caption\">Leonardo Marras, Assessore\nall\u2019economia, alle attivit\u00e0 produttive,\npolitiche del credito e turismo della\nRegione Toscana.<\/figcaption><\/figure>\n\n\n\n<p>La presenza di cos\u00ec numerosi visitatori ed espositori al MIAC &#8211; che di questo settore rappresenta la sua pi\u00f9 importante vetrina fieristica non solo a livello nazionale ma anche internazionale &#8211; \u00e8 un grande segnale di dinamismo delle imprese e delle loro continue politiche di innovazione dei prodotti e dei processi produttivi. <\/p>\n\n\n\n<p>Una dimostrazione concreta e tangibile della straordinaria intraprendenza di questo settore industriale lucchese che nel tempo &#8211; accanto alla produzione cartaria &#8211; ha saputo creare un sistema di costruttori meccanici, di attrezzature e impiantistica. Proprio per favorire l\u2019innovazione, sul fronte dei finanziamenti della Regione Toscana, sono attivi i bandi regionali del FESR (Fondo europeo di sviluppo regionale) del Centro di competenza nazionale Artes 4.0 e i bandi finanziati dal Piano nazionale di ripresa e resilienza (PNRR) come quelli sull\u2019efficientamento energetico. Dei fondi europei assegnati alla Regione Toscana fino al 2027, quelli che andranno alle imprese sono pari a 517 milioni, in grado di attivare investimenti per 2,7 miliardi di euro secondo le stime. <\/p>\n\n\n\n<p>Le aree tematiche comprese nel bando Artes vanno dalla robotica e sistemi di intelligenza artificiale al modeling, sviluppo e caratterizzazione di materiali avanzati; dalla realt\u00e0 aumentata e virtuale alla digitalizzazione e robotizzazione di processi per aumentare la produttivit\u00e0 e la sicurezza o alle tecnologie per la cybersecurity. <\/p>\n\n\n<div class=\"cecAdv-banner-wrap\">\n\t<div class=\"cecAdv\"  data-advshow=\"advframe-3951\">\n\t\t<a href=\"https:\/\/www.tissue-tec.de\/it.php\" target=\"_blank\">\n\t\t\t<img decoding=\"async\" src=\"https:\/\/www.cartaecartiere.com\/wp-content\/uploads\/2023\/12\/6-Novembre-Dicembre-2023-CC-71-scaled.jpg\" no-lazy\/>\n\t\t<\/a>\n\t<\/div>\n<\/div>\n\n\n\n<p>Infine la Regione Toscana ha approvato di recente un bando poderoso, con una dotazione di 125 milioni di euro per la ricerca e sviluppo orientata verso la sostenibilit\u00e0, la circolarit\u00e0 e l\u2019efficienza. <\/p>\n\n\n\n<p>La misura intende sostenere e accompagnare i processi di innovazione delle micro, piccole e medie imprese mediante l\u2019introduzione di tecnologie avanzate per la transizione digitale e l\u2019economia circolare.<\/p>\n\n\n<style>\n\t#block_f1d7d1576ad07be6e371156b06b47618{\n\t\tbackground-color: #c7d6ee;\n\t\tcolor:  \t}\n\n\t#block_f1d7d1576ad07be6e371156b06b47618 h1,\n\t#block_f1d7d1576ad07be6e371156b06b47618 h2,\n\t#block_f1d7d1576ad07be6e371156b06b47618 h3,\n\t#block_f1d7d1576ad07be6e371156b06b47618 h4,\n\t#block_f1d7d1576ad07be6e371156b06b47618 h5,\n\t#block_f1d7d1576ad07be6e371156b06b47618 h6{\n\t\tcolor:  \t}\n<\/style>\n<div class=\"clearfix cec-box-informativo p-3\" id=\"block_f1d7d1576ad07be6e371156b06b47618\" style=\"\">\n\t<div class=\"acf-innerblocks-container\">\n\n<h2 class=\"wp-block-heading has-text-color has-link-color wp-elements-75b5ef8078b7b048e6564b2aa3c41e49\" style=\"color:#0072bc\">I DATI DEL SETTORE CARTARIO ITALIANO<\/h2>\n\n\n\n<p>La produzione complessiva del settore cartario italiano ha presentato nei primi sette mesi del 2023 un sensibile ripiegamento (-19,4%), rispetto ai volumi sostanzialmente stabili dello stesso periodo del 2022 (+0,6% sul 2021) mentre il fatturato &#8211; met\u00e0 del quale proveniente da vendite oltre confine &#8211; \u00e8 stimato in riduzione del 24,5% sul valore in forte rialzo dei primi sette mesi del 2022 (+53,5% sul 2021), per i tentativi delle imprese di recuperare, almeno in parte, gli inimmaginabili record raggiunti nel corso del 2022 dai costi delle materie prime, soprattutto energetiche. <\/p>\n\n\n\n<figure data-wp-context=\"{&quot;imageId&quot;:&quot;69ee016a05400&quot;}\" data-wp-interactive=\"core\/image\" data-wp-key=\"69ee016a05400\" class=\"wp-block-image alignright size-large is-resized wp-lightbox-container\"><img loading=\"lazy\" decoding=\"async\" width=\"1024\" height=\"630\" data-wp-class--hide=\"state.isContentHidden\" data-wp-class--show=\"state.isContentVisible\" data-wp-init=\"callbacks.setButtonStyles\" data-wp-on--click=\"actions.showLightbox\" data-wp-on--load=\"callbacks.setButtonStyles\" data-wp-on-window--resize=\"callbacks.setButtonStyles\" src=\"https:\/\/www.cartaecartiere.com\/wp-content\/uploads\/2023\/12\/imm-4-1024x630.jpg\" alt=\"I corridoi di MIAC 2024.\" class=\"wp-image-3954\" style=\"width:300px\" srcset=\"https:\/\/www.cartaecartiere.com\/wp-content\/uploads\/2023\/12\/imm-4-1024x630.jpg 1024w, https:\/\/www.cartaecartiere.com\/wp-content\/uploads\/2023\/12\/imm-4-300x185.jpg 300w, https:\/\/www.cartaecartiere.com\/wp-content\/uploads\/2023\/12\/imm-4-768x473.jpg 768w, https:\/\/www.cartaecartiere.com\/wp-content\/uploads\/2023\/12\/imm-4-1536x946.jpg 1536w, https:\/\/www.cartaecartiere.com\/wp-content\/uploads\/2023\/12\/imm-4-2048x1261.jpg 2048w, https:\/\/www.cartaecartiere.com\/wp-content\/uploads\/2023\/12\/imm-4-600x369.jpg 600w\" sizes=\"auto, (max-width: 1024px) 100vw, 1024px\" \/><button\n\t\t\tclass=\"lightbox-trigger\"\n\t\t\ttype=\"button\"\n\t\t\taria-haspopup=\"dialog\"\n\t\t\taria-label=\"Enlarge\"\n\t\t\tdata-wp-init=\"callbacks.initTriggerButton\"\n\t\t\tdata-wp-on--click=\"actions.showLightbox\"\n\t\t\tdata-wp-style--right=\"state.imageButtonRight\"\n\t\t\tdata-wp-style--top=\"state.imageButtonTop\"\n\t\t>\n\t\t\t<svg xmlns=\"http:\/\/www.w3.org\/2000\/svg\" width=\"12\" height=\"12\" fill=\"none\" viewBox=\"0 0 12 12\">\n\t\t\t\t<path fill=\"#fff\" d=\"M2 0a2 2 0 0 0-2 2v2h1.5V2a.5.5 0 0 1 .5-.5h2V0H2Zm2 10.5H2a.5.5 0 0 1-.5-.5V8H0v2a2 2 0 0 0 2 2h2v-1.5ZM8 12v-1.5h2a.5.5 0 0 0 .5-.5V8H12v2a2 2 0 0 1-2 2H8Zm2-12a2 2 0 0 1 2 2v2h-1.5V2a.5.5 0 0 0-.5-.5H8V0h2Z\" \/>\n\t\t\t<\/svg>\n\t\t<\/button><figcaption class=\"wp-element-caption\">I corridoi di MIAC 2024.<\/figcaption><\/figure>\n\n\n\n<p>L\u2019andamento produttivo riflette una domanda interna di prodotti cartari (stimata dal dato di consumo apparente) in riduzione del 18,5% nel primo semestre 2023, rispetto ai volumi in buona espansione dello stesso periodo 2022 (+11,9% sul 2021). In calo la produzione di carte e cartoni per imballaggio (-15,6% rispetto ai primi sette mesi del 2022) i cui volumi si sono confermati solo poco al di sopra di quelli del biennio pre-pandemia. <\/p>\n\n\n\n<p>Pi\u00f9 contenuta la riduzione dei volumi di carte per usi igienico-sanitari (-2,4%) mentre la produzione di carte per usi grafici (-43,8%), risulta pi\u00f9 che dimezzata rispetto ai volumi dello stesso periodo del biennio 2018-2019; un andamento connesso a riconversioni di impianti verso prodotti con migliori prospettive di mercato.<\/p>\n\n<\/div>\n<\/div>\n","protected":false},"excerpt":{"rendered":"<p>Stand tutti esauriti nei Padiglioni dell\u2019ultima edizione del MIAC per una panoramica a 360 gradi sul settore cartario. La ventinovesima edizione della Mostra Internazionale dell\u2019Industria Cartaria &#8211; patrocinata da Assocarta e Confindustria Toscana Nord &#8211; ha riaffermato il suo ruolo di rassegna fieristica ai primi posti nel settore dei macchinari e delle attrezzature utilizzate nell\u2019industria &hellip; <a href=\"https:\/\/www.cartaecartiere.com\/en\/miac-grandi-numeri-per-la-29a-edizione\/\">Continued<\/a><\/p>\n","protected":false},"author":2,"featured_media":3970,"comment_status":"closed","ping_status":"closed","sticky":false,"template":"","format":"standard","meta":{"_acf_changed":false,"inline_featured_image":false,"footnotes":""},"categories":[121],"tags":[115],"class_list":["post-3951","post","type-post","status-publish","format-standard","has-post-thumbnail","hentry","category-novembre-dicembre-2023","tag-reportage-miac"],"acf":[],"_links":{"self":[{"href":"https:\/\/www.cartaecartiere.com\/en\/wp-json\/wp\/v2\/posts\/3951","targetHints":{"allow":["GET"]}}],"collection":[{"href":"https:\/\/www.cartaecartiere.com\/en\/wp-json\/wp\/v2\/posts"}],"about":[{"href":"https:\/\/www.cartaecartiere.com\/en\/wp-json\/wp\/v2\/types\/post"}],"author":[{"embeddable":true,"href":"https:\/\/www.cartaecartiere.com\/en\/wp-json\/wp\/v2\/users\/2"}],"replies":[{"embeddable":true,"href":"https:\/\/www.cartaecartiere.com\/en\/wp-json\/wp\/v2\/comments?post=3951"}],"version-history":[{"count":40,"href":"https:\/\/www.cartaecartiere.com\/en\/wp-json\/wp\/v2\/posts\/3951\/revisions"}],"predecessor-version":[{"id":4578,"href":"https:\/\/www.cartaecartiere.com\/en\/wp-json\/wp\/v2\/posts\/3951\/revisions\/4578"}],"wp:featuredmedia":[{"embeddable":true,"href":"https:\/\/www.cartaecartiere.com\/en\/wp-json\/wp\/v2\/media\/3970"}],"wp:attachment":[{"href":"https:\/\/www.cartaecartiere.com\/en\/wp-json\/wp\/v2\/media?parent=3951"}],"wp:term":[{"taxonomy":"category","embeddable":true,"href":"https:\/\/www.cartaecartiere.com\/en\/wp-json\/wp\/v2\/categories?post=3951"},{"taxonomy":"post_tag","embeddable":true,"href":"https:\/\/www.cartaecartiere.com\/en\/wp-json\/wp\/v2\/tags?post=3951"}],"curies":[{"name":"wp","href":"https:\/\/api.w.org\/{rel}","templated":true}]}}