{"id":4067,"date":"2023-12-12T18:15:51","date_gmt":"2023-12-12T17:15:51","guid":{"rendered":"https:\/\/www.cartaecartiere.com\/?p=4067"},"modified":"2023-12-13T00:48:13","modified_gmt":"2023-12-12T23:48:13","slug":"federazione-carta-grafica-e-partner-del-vi-forum-di-legambiente-sulla-gestione-forestale-sostenibile","status":"publish","type":"post","link":"https:\/\/www.cartaecartiere.com\/en\/federazione-carta-grafica-e-partner-del-vi-forum-di-legambiente-sulla-gestione-forestale-sostenibile\/","title":{"rendered":"Federazione Carta Grafica \u00e8 partner del VI Forum di Legambiente sulla gestione forestale sostenibile"},"content":{"rendered":"\n<p>Massimo Medugno, Direttore Generale di Assocarta, \u00e8 intervenuto alla tavola rotonda \u201cLe strategie nazionali e della UE per le foreste, la biodiversit\u00e0 e il clima\u201d nell\u2019ambito del VI Forum sulla gestione forestale sostenibile organizzato da Legambiente, a Roma, con il supporto di Federazione Carta Grafica. <\/p>\n\n\n\n<p>Dalle sue origini, la filiera della carta, della stampa e della trasformazione lavora una materia prima di origine naturale, rinnovabile ma scarsamente presente sul territorio italiano come numerosi altre materiali necessari alla produzione. Per questo il sistema industriale della carta ha sempre investito sul riciclo, riuscendo ad affermarsi come best practice a livello europeo: nell\u2019imballaggio il riciclo \u00e8 stabilmente oltre l\u201985%, oltre l\u2019obiettivo del 75% al 2025, previsto dalla normativa comunitaria. <\/p>\n\n\n\n<p>\u201cCon la Strategia Forestale Nazionale abbiamo un\u2019occasione straordinaria per una gestione forestale sostenibile: sono necessarie misure per promuovere gli investimenti privati nell\u2019incremento e nella gestione della forestazione per mitigare il cambio climatico e migliorare il mix energetico dell\u2019industria Made in Italy &#8211; afferma <strong>Massimo Medugno<\/strong>. L\u2019industria cartaria italiana in quanto energivora ha una forte competenza nella gestione efficiente nei sistemi energetici, per questo candidiamo il nostro settore per produrre energia da biomassa che verrebbe gestita al meglio in termini di efficienza e di controllo delle emissioni. E i cascami di energia potrebbero essere utilizzati direttamente dalle utenze private presenti sul territorio\u201d. <\/p>\n\n\n\n<p>Inoltre, il Tavolo della Filiera Foresta Legno &#8211; di cui Federazione Carta Grafica fa parte &#8211; ha recentemente finalizzato un position paper dal tiolo \u201cGestione forestale e sostenibilit\u00e0 degli usi energetici delle biomasse forestali\u201d con il Ministero delle Politiche Agricole. <\/p>\n\n\n<div class=\"cecAdv-banner-wrap\">\n\t<div class=\"cecAdv\"  data-advshow=\"advframe-4067\">\n\t\t<a href=\"https:\/\/as-drives.com\/\" target=\"_blank\">\n\t\t\t<img decoding=\"async\" src=\"https:\/\/www.cartaecartiere.com\/wp-content\/uploads\/2023\/12\/6-Novembre-Dicembre-2023-CC-87-scaled.jpg\" no-lazy\/>\n\t\t<\/a>\n\t<\/div>\n<\/div>\n\n\n\n<p>Le biomasse legnose provenienti da gestione forestale sostenibile possono offrire un contributo significativo e immediato sia per la diversificazione e la sicurezza energetica del Paese, sia per il presidio del territorio e la creazione di posti di lavoro in particolare nelle aree interne, sia per garantire il raggiungimento degli obiettivi di decarbonizzazione fissati dall\u2019Unione europea al 2030 e 2050.<\/p>\n\n\n\n<p>\u201cNell\u2019ambito del position paper emerge l\u2019assoluta priorit\u00e0 per il Paese di adottare delle iniziative a sostegno delle biomasse e della filiera legnoenergia che prevedano investimenti a lungo termine nella gestione delle foreste diretti ad aumentare, in futuro, i livelli di approvvigionamento sostenibile di materie prime per il settore forestale e il loro utilizzo a cascata\u201d &#8211; spiega Medugno. Nel documento si definiscono 10 punti di indirizzo per una filiera forestale sostenibile e precisamente: istituire un tavolo interministeriale permanente tra il Ministero dell\u2019Agricoltura, della Sovranit\u00e0 Alimentare e delle Foreste, il Ministero dell\u2019Ambiente e della Sicurezza Energetica e il Ministero delle Imprese e del Made in Italy; ridefinire, nell\u2019ambito del processo di revisione del PNIEC (Piano Nazionale Integrato Energia Clima), il ruolo delle biomasse legnose nella strategia energetica del Paese; istituire un Osservatorio sulle biomasse forestali e gli usi energetici; sostenere le imprese boschive per investimenti e formazione; sviluppare e sostenere la gestione forestale sostenibile; adottare un approccio responsabile e realistico nell\u2019utilizzo delle risorse forestali; realizzare filiere locali e territoriali; dimensionare gli impianti a \u201cmisura di filiera\u201d; promuovere le filiere virtuose, basate sulla qualit\u00e0, legalit\u00e0 e tracciabilit\u00e0 delle biomasse combustibili e sulla qualit\u00e0 ed efficienza degli impianti tecnologici; garantire il supporto economico e i relativi sussidi limitatamente a impianti energetici con una filiera virtuosa, che risponde ai criteri di uso sostenibile delle risorse forestali. <\/p>\n\n\n\n<p>\u201cL\u2019obiettivo di combattere il commercio illegale di legno costituisce la base sia del Codice di Condotta sull\u2019approvvigionamento di legno, sia dell\u2019impegno sulla certificazione forestale adottati dalle cartiere italiane. Per questo la nostra filiera ha accolto con favore il precedente EUTR (European Union Timber Regulation, regolamento 995\/2010). I sistemi di certificazione sui quali abbiamo investito, nell\u2019ambito EUTR 995\/2010, hanno avuto &#8211; in pratica &#8211; una scarsa considerazione, oltre alla mancata inclusione dei prodotti stampati che vengono accolti, per\u00f2, dal nuovo regolamento EUDR (1115\/2023) &#8211; spiega Medugno. Tuttavia, del nuovo EUDR preoccupa la complessit\u00e0 burocratica e gli eccessivi oneri amministrativi e burocratici ad essa associati e la difformit\u00e0 di interpretazione a livello nazionale\u201d.<\/p>\n","protected":false},"excerpt":{"rendered":"<p>Massimo Medugno, Direttore Generale di Assocarta, \u00e8 intervenuto alla tavola rotonda \u201cLe strategie nazionali e della UE per le foreste, la biodiversit\u00e0 e il clima\u201d nell\u2019ambito del VI Forum sulla gestione forestale sostenibile organizzato da Legambiente, a Roma, con il supporto di Federazione Carta Grafica. Dalle sue origini, la filiera della carta, della stampa e &hellip; <a href=\"https:\/\/www.cartaecartiere.com\/en\/federazione-carta-grafica-e-partner-del-vi-forum-di-legambiente-sulla-gestione-forestale-sostenibile\/\">Continued<\/a><\/p>\n","protected":false},"author":2,"featured_media":4070,"comment_status":"closed","ping_status":"closed","sticky":false,"template":"","format":"standard","meta":{"_acf_changed":false,"inline_featured_image":false,"footnotes":""},"categories":[121],"tags":[34],"class_list":["post-4067","post","type-post","status-publish","format-standard","has-post-thumbnail","hentry","category-novembre-dicembre-2023","tag-news"],"acf":[],"_links":{"self":[{"href":"https:\/\/www.cartaecartiere.com\/en\/wp-json\/wp\/v2\/posts\/4067","targetHints":{"allow":["GET"]}}],"collection":[{"href":"https:\/\/www.cartaecartiere.com\/en\/wp-json\/wp\/v2\/posts"}],"about":[{"href":"https:\/\/www.cartaecartiere.com\/en\/wp-json\/wp\/v2\/types\/post"}],"author":[{"embeddable":true,"href":"https:\/\/www.cartaecartiere.com\/en\/wp-json\/wp\/v2\/users\/2"}],"replies":[{"embeddable":true,"href":"https:\/\/www.cartaecartiere.com\/en\/wp-json\/wp\/v2\/comments?post=4067"}],"version-history":[{"count":13,"href":"https:\/\/www.cartaecartiere.com\/en\/wp-json\/wp\/v2\/posts\/4067\/revisions"}],"predecessor-version":[{"id":4565,"href":"https:\/\/www.cartaecartiere.com\/en\/wp-json\/wp\/v2\/posts\/4067\/revisions\/4565"}],"wp:featuredmedia":[{"embeddable":true,"href":"https:\/\/www.cartaecartiere.com\/en\/wp-json\/wp\/v2\/media\/4070"}],"wp:attachment":[{"href":"https:\/\/www.cartaecartiere.com\/en\/wp-json\/wp\/v2\/media?parent=4067"}],"wp:term":[{"taxonomy":"category","embeddable":true,"href":"https:\/\/www.cartaecartiere.com\/en\/wp-json\/wp\/v2\/categories?post=4067"},{"taxonomy":"post_tag","embeddable":true,"href":"https:\/\/www.cartaecartiere.com\/en\/wp-json\/wp\/v2\/tags?post=4067"}],"curies":[{"name":"wp","href":"https:\/\/api.w.org\/{rel}","templated":true}]}}