{"id":4207,"date":"2023-12-12T18:13:36","date_gmt":"2023-12-12T17:13:36","guid":{"rendered":"https:\/\/www.cartaecartiere.com\/?p=4207"},"modified":"2023-12-13T00:48:14","modified_gmt":"2023-12-12T23:48:14","slug":"la-proposta-di-revisione-sulla-normativa-imballaggi-pone-a-rischio-leconomia-circolare-e-la-filiera-della-carta","status":"publish","type":"post","link":"https:\/\/www.cartaecartiere.com\/en\/la-proposta-di-revisione-sulla-normativa-imballaggi-pone-a-rischio-leconomia-circolare-e-la-filiera-della-carta\/","title":{"rendered":"La proposta di revisione sulla normativa imballaggi pone a rischio l\u2019economia circolare e la filiera della carta"},"content":{"rendered":"\n<p>SLC-CGIL, FISTEL CISL, ULCOM UIL, Assocarta e Assografici &#8211; in rappresentanza di una filiera che esprime un valore di 31,4 miliardi di euro di fatturato (1,6% del Pil), generato da circa 162.000 addetti diretti in 16.369 imprese che forniscono imballaggi per il settore alimentare, farmaceutico e per catene di approvvigionamento cruciali in Italia ed Europa &#8211; esprimono forte preoccupazione per l\u2019indirizzo preso, a livello europeo, sulla normativa imballaggi (PPWR) che pone a rischio l\u2019economia circolare Made in Italy. <\/p>\n\n\n\n<p>Nel 2022 il consumo di carta da riciclare \u00e8 stato di circa 5,4 milioni di tonnellate, valore che pone l\u2019Italia tra i principali Paesi riciclatori in Europa, dopo la Germania. Attualmente gli imballaggi di carta e cartone vengono riciclati in Italia per oltre l\u201985% ed impiegati per imballaggi di trasporto per una percentuale ancora pi\u00f9 elevata. <\/p>\n\n\n\n<p>Senza imballaggio molti trasporti sarebbero impossibili, molte merci e prodotti fondamentali per la cittadinanza verrebbero a mancare. Nonostante le tante proposte di compromesso, il testo di risoluzione proposto dall\u2019On. Ries sulla revisione della normativa sugli imballaggi (PPWR) non interviene in alcun modo rilevante e correttivo rispetto alle misure pi\u00f9 inique e discutibili del PPWR: ovvero quelle che riguardano gli obiettivi di riutilizzo (art. 26) e le restrizioni su alcuni imballaggi (art. 22). <\/p>\n\n\n\n<p>\u201cPurtroppo tali misure &#8211; dichiarano SLC-CGIL, FISTEL CISL, ULCOM UIL, Assocarta e Assografici &#8211; oltre che rilevanti e non ambientalmente giustificate, sono per i settori che sono rinnovabili e riciclano &#8211; e non possono riutilizzare &#8211; profondamente discriminanti. Perch\u00e9, l\u2019abbiamo ripetuto tante volte, la carta ha molti pregi, ma non quello del possibile riutilizzo. Un effetto che facciamo veramente fatica ad accettare, dati i pregi ambientali che da sempre sono stati riconosciuti al materiale carta e data anche la sensibilit\u00e0 comune su questo tema. Sono esenzioni ampiamente giustificabili e non in contrasto con il principio della neutralit\u00e0 tecnologica. Perch\u00e9 dare a tutti i materiali gli stessi obiettivi non \u00e8 neutralit\u00e0, ma evidente discriminazione per chi quegli obiettivi non li pu\u00f2 tecnicamente realizzare. Gli obiettivi di riciclo, per esempio, da sempre sono differenziati per materiale e la carta ha sempre avuto quelli pi\u00f9 alti ed \u00e8 disponibile ad aumentarli ancora\u201d. <\/p>\n\n\n\n<p>In vista della prossima votazione in Plenaria SLC-CGIL, FISTEL CISL, ULCOM UIL, Assocarta e Assografici chiedono sulle deroghe di riutilizzo una sintesi tra le proposte discusse recentemente in commissione ENVI e quella approvata nel parere ITRE, un emendamento che prevede la possibilit\u00e0 di esenzione dagli obiettivi di riutilizzo per i materiali che sono oggetto di raccolta separata per il riciclo in percentuali eccedenti l\u201985%. <\/p>\n\n\n\n<p>Infine ribadiscono la necessit\u00e0 di ulteriori cambiamenti sulle definizioni di imballaggio in plastica e di imballaggio composito: essenziali per definire il campo di applicazione di importanti articoli e renderli tecnicamente applicabili (per es. art. 7 sul contenuto di plastica riciclata e art. 22 sulle restrizioni a imballaggi monouso).<\/p>\n","protected":false},"excerpt":{"rendered":"<p>SLC-CGIL, FISTEL CISL, ULCOM UIL, Assocarta e Assografici &#8211; in rappresentanza di una filiera che esprime un valore di 31,4 miliardi di euro di fatturato (1,6% del Pil), generato da circa 162.000 addetti diretti in 16.369 imprese che forniscono imballaggi per il settore alimentare, farmaceutico e per catene di approvvigionamento cruciali in Italia ed Europa &hellip; <a href=\"https:\/\/www.cartaecartiere.com\/en\/la-proposta-di-revisione-sulla-normativa-imballaggi-pone-a-rischio-leconomia-circolare-e-la-filiera-della-carta\/\">Continued<\/a><\/p>\n","protected":false},"author":2,"featured_media":4210,"comment_status":"closed","ping_status":"closed","sticky":false,"template":"","format":"standard","meta":{"_acf_changed":false,"inline_featured_image":false,"footnotes":""},"categories":[121],"tags":[34],"class_list":["post-4207","post","type-post","status-publish","format-standard","has-post-thumbnail","hentry","category-novembre-dicembre-2023","tag-news"],"acf":[],"_links":{"self":[{"href":"https:\/\/www.cartaecartiere.com\/en\/wp-json\/wp\/v2\/posts\/4207","targetHints":{"allow":["GET"]}}],"collection":[{"href":"https:\/\/www.cartaecartiere.com\/en\/wp-json\/wp\/v2\/posts"}],"about":[{"href":"https:\/\/www.cartaecartiere.com\/en\/wp-json\/wp\/v2\/types\/post"}],"author":[{"embeddable":true,"href":"https:\/\/www.cartaecartiere.com\/en\/wp-json\/wp\/v2\/users\/2"}],"replies":[{"embeddable":true,"href":"https:\/\/www.cartaecartiere.com\/en\/wp-json\/wp\/v2\/comments?post=4207"}],"version-history":[{"count":7,"href":"https:\/\/www.cartaecartiere.com\/en\/wp-json\/wp\/v2\/posts\/4207\/revisions"}],"predecessor-version":[{"id":4536,"href":"https:\/\/www.cartaecartiere.com\/en\/wp-json\/wp\/v2\/posts\/4207\/revisions\/4536"}],"wp:featuredmedia":[{"embeddable":true,"href":"https:\/\/www.cartaecartiere.com\/en\/wp-json\/wp\/v2\/media\/4210"}],"wp:attachment":[{"href":"https:\/\/www.cartaecartiere.com\/en\/wp-json\/wp\/v2\/media?parent=4207"}],"wp:term":[{"taxonomy":"category","embeddable":true,"href":"https:\/\/www.cartaecartiere.com\/en\/wp-json\/wp\/v2\/categories?post=4207"},{"taxonomy":"post_tag","embeddable":true,"href":"https:\/\/www.cartaecartiere.com\/en\/wp-json\/wp\/v2\/tags?post=4207"}],"curies":[{"name":"wp","href":"https:\/\/api.w.org\/{rel}","templated":true}]}}