{"id":4248,"date":"2023-12-12T18:11:30","date_gmt":"2023-12-12T17:11:30","guid":{"rendered":"https:\/\/www.cartaecartiere.com\/?p=4248"},"modified":"2023-12-13T00:48:14","modified_gmt":"2023-12-12T23:48:14","slug":"nasce-losservatorio-permanente-carta-penna-e-digitale","status":"publish","type":"post","link":"https:\/\/www.cartaecartiere.com\/en\/nasce-losservatorio-permanente-carta-penna-e-digitale\/","title":{"rendered":"Nasce l\u2019osservatorio permanente carta penna e digitale"},"content":{"rendered":"\n<p class=\"has-drop-cap\">Nella cornice di Bookcity 2023 a Milano, si \u00e8 tenuto l\u2019evento \u201cLettura su carta e scrittura a mano: l\u2019azione politica e sociale per la loro valorizzazione\u201d organizzato da Federazione Carta Grafica e Comieco, in collaborazione con Bookcity e Fondazione Corriere della Sera. <\/p>\n\n\n\n<p>\u201cAnche quest\u2019anno promuoviamo il dibattito sull\u2019urgenza di trovare un bilanciamento e un riequilibrio tra uso dei devices digitali e uso di carta e penna, soprattutto nella scuola. Ormai sono scientificamente consolidate sia le evidenze sui danni prodotti da un eccesso di digitale, sia quelle che dimostrano i vantaggi legati a scrittura a mano e lettura su carta nel favorire lo sviluppo psico-fisico delle persone e nell\u2019attivare i processi di comprensione dei testi e apprendimento dei concetti. Occorre quindi prendere atto di tutto questo e sviluppare una conseguente azione politica di tutela e valorizzazione del libro in carta\u201d &#8211; afferma <strong>Carlo Emanuele Bona, Consigliere della Federazione Carta Grafica<\/strong>. <\/p>\n\n\n\n<p>\u201cL\u2019importanza dell\u2019apprendimento attraverso la lettura e &#8211; soprattutto &#8211; scrittura su carta \u00e8 determinata anche dagli impatti ambientali dei libri cartacei verso i digitali \u2013 commenta <strong>Carlo Montalbetti, Direttore Generale Comieco<\/strong>. Secondo uno studio del Politecnico di Milano, il costo ambientale di un e-book in termini di consumi di risorse minerali e metalli supera del 150% il libro cartaceo e un libro scolastico di 400 pagine rilascia un\u2019impronta carbonica di circa 2 kg, pari a quella di 2 ore al giorno di uso dello smartphone per una settimana. Senza dimenticare che, in generale, i dispositivi elettronici su cui leggiamo i libri hanno una vita media di circa tre anni, molto pi\u00f9 breve di un libro di carta naturalmente destinato al riuso e, a fine vita, al riciclo. Non a caso, l\u2019Italia \u00e8 &#8211; insieme alla Germania &#8211; il Paese che ricicla pi\u00f9 carta e cartone in Europa\u201d. <\/p>\n\n\n<div class=\"cecAdv-banner-wrap\">\n\t<div class=\"cecAdv\"  data-advshow=\"advframe-4248\">\n\t\t<a href=\"https:\/\/www.intecautomazioni.it\/\" target=\"_blank\">\n\t\t\t<img decoding=\"async\" src=\"https:\/\/www.cartaecartiere.com\/wp-content\/uploads\/2023\/12\/6-Novembre-Dicembre-2023-CC-89-scaled.jpg\" no-lazy\/>\n\t\t<\/a>\n\t<\/div>\n<\/div>\n\n\n\n<p><strong>Ferruccio de Bortoli, Presidente di Fondazione Corriere della Sera<\/strong>, ha sottolineato la valenza terapeutica della scrittura a mano e la centralit\u00e0 del libro di carta che implica una modalit\u00e0 di lettura che non \u00e8 stata sostituita bens\u00ec affiancata dall\u2019ebook, cos\u00ec come il successo degli audio libri coesiste con il radio drama. <\/p>\n\n\n\n<p>Di questi temi si \u00e8 discusso nella tavola rotonda, moderata da <strong>Alessandro Cannav\u00f2<\/strong>. <\/p>\n\n\n\n<p><strong>Andrea Cangini, Segretario della Fondazione Einaudi<\/strong>, ha ricordato i contenuti del Paper \u201cIl valore imprescindibile di carta e penna nei processi di apprendimento\u201d presentato lo scorso luglio in Senato e annunciato la costituzione dell\u2019Osservatorio permanente carta, penna e digitale, aperto al supporto anche di associazioni e mondo delle imprese, e che si prefigge di continuare a produrre studi e analisi sul tema. Altro obiettivo dell\u2019Osservatorio \u00e8 quello di stimolare la politica, come gi\u00e0 sta avvenendo in altri Paesi europei, a prevedere azioni concrete per contenere una digitalizzazione sempre pi\u00f9 spinta e acritica e a valorizzare invece il libro su carta e la scrittura a mano. <\/p>\n\n\n\n<p>Un impegno specifico in tale direzione \u00e8 stato preso anche da <strong>Federico Mollicone, Deputato FDI Presidente della Commissione Cultura, Scienza e Istruzione<\/strong> e <strong>Antonio Nicita, Senatore PD e Vicepresidente del gruppo PD-IDP<\/strong> che hanno sottolineato quanto sia importante riportare al centro dell\u2019attenzione della scuola e delle attivit\u00e0 di formazione la scrittura a mano, oltre a fare il punto dello stato dell\u2019arte sul progetto di legge in materia &#8211; gi\u00e0 annunciato lo scorso luglio &#8211; sull\u2019istituzione della giornata nazionale della scrittura a mano. <\/p>\n\n\n\n<p>Durante l\u2019evento, di grande interesse la testimonianza di <strong>Claudia Corbello, professoressa del liceo classico Francesco Vivona di Roma<\/strong>, e dei suoi studenti, autori e attori del cortometraggio \u201cSmarts. Raee Odyssey\u201d. Un video racconto che illustra come i ragazzi della scuola superiore si siano interrogati sull\u2019impatto ambientale del digitale e dei Raee e sulla \u201cdipendenza\u201d sviluppata oggi dai giovani verso il telefonino e il digitale in genere. \u2759<\/p>\n","protected":false},"excerpt":{"rendered":"<p>Nella cornice di Bookcity 2023 a Milano, si \u00e8 tenuto l\u2019evento \u201cLettura su carta e scrittura a mano: l\u2019azione politica e sociale per la loro valorizzazione\u201d organizzato da Federazione Carta Grafica e Comieco, in collaborazione con Bookcity e Fondazione Corriere della Sera. \u201cAnche quest\u2019anno promuoviamo il dibattito sull\u2019urgenza di trovare un bilanciamento e un riequilibrio &hellip; <a href=\"https:\/\/www.cartaecartiere.com\/en\/nasce-losservatorio-permanente-carta-penna-e-digitale\/\">Continued<\/a><\/p>\n","protected":false},"author":2,"featured_media":4251,"comment_status":"closed","ping_status":"closed","sticky":false,"template":"","format":"standard","meta":{"_acf_changed":false,"inline_featured_image":false,"footnotes":""},"categories":[121],"tags":[34],"class_list":["post-4248","post","type-post","status-publish","format-standard","has-post-thumbnail","hentry","category-novembre-dicembre-2023","tag-news"],"acf":[],"_links":{"self":[{"href":"https:\/\/www.cartaecartiere.com\/en\/wp-json\/wp\/v2\/posts\/4248","targetHints":{"allow":["GET"]}}],"collection":[{"href":"https:\/\/www.cartaecartiere.com\/en\/wp-json\/wp\/v2\/posts"}],"about":[{"href":"https:\/\/www.cartaecartiere.com\/en\/wp-json\/wp\/v2\/types\/post"}],"author":[{"embeddable":true,"href":"https:\/\/www.cartaecartiere.com\/en\/wp-json\/wp\/v2\/users\/2"}],"replies":[{"embeddable":true,"href":"https:\/\/www.cartaecartiere.com\/en\/wp-json\/wp\/v2\/comments?post=4248"}],"version-history":[{"count":14,"href":"https:\/\/www.cartaecartiere.com\/en\/wp-json\/wp\/v2\/posts\/4248\/revisions"}],"predecessor-version":[{"id":4488,"href":"https:\/\/www.cartaecartiere.com\/en\/wp-json\/wp\/v2\/posts\/4248\/revisions\/4488"}],"wp:featuredmedia":[{"embeddable":true,"href":"https:\/\/www.cartaecartiere.com\/en\/wp-json\/wp\/v2\/media\/4251"}],"wp:attachment":[{"href":"https:\/\/www.cartaecartiere.com\/en\/wp-json\/wp\/v2\/media?parent=4248"}],"wp:term":[{"taxonomy":"category","embeddable":true,"href":"https:\/\/www.cartaecartiere.com\/en\/wp-json\/wp\/v2\/categories?post=4248"},{"taxonomy":"post_tag","embeddable":true,"href":"https:\/\/www.cartaecartiere.com\/en\/wp-json\/wp\/v2\/tags?post=4248"}],"curies":[{"name":"wp","href":"https:\/\/api.w.org\/{rel}","templated":true}]}}