{"id":4994,"date":"2024-04-09T16:50:26","date_gmt":"2024-04-09T14:50:26","guid":{"rendered":"https:\/\/www.cartaecartiere.com\/?p=4994"},"modified":"2024-04-09T20:13:17","modified_gmt":"2024-04-09T18:13:17","slug":"cartiera-fornaci-e-fm-cartiere-coesione-e-strategia-per-unefficienza-operativa","status":"publish","type":"post","link":"https:\/\/www.cartaecartiere.com\/en\/cartiera-fornaci-e-fm-cartiere-coesione-e-strategia-per-unefficienza-operativa\/","title":{"rendered":"Cartiera Fornaci e FM Cartiere: coesione e strategia per un\u2019efficienza operativa"},"content":{"rendered":"\n<p class=\"has-drop-cap\">La Cartiera Fornaci fu fondata a Fagnano Olona nel 1960 per volont\u00e0 di Pieraldo Cattaneo che dedic\u00f2 la sua vita alla ricerca di qualcosa di innovativo, arrivando alla produzione dei primi fogli di cartone riciclato. Si impegn\u00f2 a lungo per far s\u00ec che la cartiera potesse avere un alto riguardo da parte dei consumatori, investendo in macchinari e garantendo un prodotto di qualit\u00e0 in grado di soddisfare le esigenze del mercato di quegli anni. <\/p>\n\n\n\n<p>A met\u00e0 degli anni Ottanta i due figli del fondatore presero le redini dell\u2019azienda, consolidandola e ponendo le basi per la successiva crescita. Con l\u2019ingresso della terza generazione nell\u2019area commerciale si decise di portarla all\u2019estero, creando cos\u00ec una rete di rappresentanti che garantissero un maggior controllo nonch\u00e9 un rapporto diretto con i clienti stranieri. I nipoti di Pieraldo, forieri di una visione profondamente pi\u00f9 innovativa, compresero l\u2019esigenza di espandersi con la finalit\u00e0 di produrre qualcosa di pi\u00f9 raffinato rispetto al passato, optando cos\u00ec per un\u2019operazione d\u2019acquisizione. <\/p>\n\n\n\n<p>Oggi la cartiera &#8211; guidata da <strong>Benedetta Cattaneo<\/strong>, terza generazione assieme ai fratelli e ai cugini &#8211; riporta dati eccellenti, conta pi\u00f9 di 50 dipendenti e una produzione annuale pari a 55.000 tonnellate di cartone. Nonostante la crisi del 2008 e la pandemia del 2019, Cartiera Fornaci vanta un\u2019ottima solidit\u00e0, in grado di poter fronteggiare il futuro e nuovi cambiamenti. Ma scopriamo di pi\u00f9 sul futuro che si sta delineando per la cartiera, parlandone direttamente con Benedetta. <\/p>\n\n\n\n<p class=\"has-text-color has-link-color has-h-4-font-size wp-elements-ffa40087be0ca518c44313a93b2c504e\" style=\"color:#0072bc\">Da cosa nasce l\u2019idea di un\u2019acquisizione?<\/p>\n\n\n\n<p>Cartiera Fornaci SpA si occupa della realizzazione di Cartone Grigio riciclato destinato alla produzione di anime ed angolari in cartone e di interfalde. Altri prodotti sono il Bianco\/Grigio e Bianco\/Bianco in bobine e formati destinati alle cartotecniche occupate nella produzione di packaging e di vassoi ad uso alimentare. <\/p>\n\n\n\n<figure data-wp-context=\"{&quot;imageId&quot;:&quot;69ee017e3760e&quot;}\" data-wp-interactive=\"core\/image\" data-wp-key=\"69ee017e3760e\" class=\"wp-block-image alignright size-full is-resized wp-lightbox-container\"><img loading=\"lazy\" decoding=\"async\" width=\"595\" height=\"688\" data-wp-class--hide=\"state.isContentHidden\" data-wp-class--show=\"state.isContentVisible\" data-wp-init=\"callbacks.setButtonStyles\" data-wp-on--click=\"actions.showLightbox\" data-wp-on--load=\"callbacks.setButtonStyles\" data-wp-on-window--resize=\"callbacks.setButtonStyles\" src=\"https:\/\/www.cartaecartiere.com\/wp-content\/uploads\/2024\/04\/CC-ARTICOLI-7.jpg\" alt=\"\" class=\"wp-image-4995\" style=\"width:400px\" srcset=\"https:\/\/www.cartaecartiere.com\/wp-content\/uploads\/2024\/04\/CC-ARTICOLI-7.jpg 595w, https:\/\/www.cartaecartiere.com\/wp-content\/uploads\/2024\/04\/CC-ARTICOLI-7-259x300.jpg 259w, https:\/\/www.cartaecartiere.com\/wp-content\/uploads\/2024\/04\/CC-ARTICOLI-7-519x600.jpg 519w\" sizes=\"auto, (max-width: 595px) 100vw, 595px\" \/><button\n\t\t\tclass=\"lightbox-trigger\"\n\t\t\ttype=\"button\"\n\t\t\taria-haspopup=\"dialog\"\n\t\t\taria-label=\"Enlarge\"\n\t\t\tdata-wp-init=\"callbacks.initTriggerButton\"\n\t\t\tdata-wp-on--click=\"actions.showLightbox\"\n\t\t\tdata-wp-style--right=\"state.imageButtonRight\"\n\t\t\tdata-wp-style--top=\"state.imageButtonTop\"\n\t\t>\n\t\t\t<svg xmlns=\"http:\/\/www.w3.org\/2000\/svg\" width=\"12\" height=\"12\" fill=\"none\" viewBox=\"0 0 12 12\">\n\t\t\t\t<path fill=\"#fff\" d=\"M2 0a2 2 0 0 0-2 2v2h1.5V2a.5.5 0 0 1 .5-.5h2V0H2Zm2 10.5H2a.5.5 0 0 1-.5-.5V8H0v2a2 2 0 0 0 2 2h2v-1.5ZM8 12v-1.5h2a.5.5 0 0 0 .5-.5V8H12v2a2 2 0 0 1-2 2H8Zm2-12a2 2 0 0 1 2 2v2h-1.5V2a.5.5 0 0 0-.5-.5H8V0h2Z\" \/>\n\t\t\t<\/svg>\n\t\t<\/button><figcaption class=\"wp-element-caption\"><strong>Dott.ssa Benedetta Cattaneo, Amministratore unico di Cartiera Fornaci e Presidente di FM Cartiere<\/strong>.<\/figcaption><\/figure>\n\n\n\n<p>L\u2019acquisizione della <strong>Cartiera di Momo<\/strong> \u00e8 stata motivata dalla volont\u00e0 di diversificare la produzione, concentrandosi appunto sui packaging alimentari, in linea con la crescente domanda post-pandemia e il declino della plastica. La vicinanza tra le due aziende ha facilitato il processo.<\/p>\n\n\n\n<p>Tuttavia, la Cartiera di Momo ha affrontato gravi difficolt\u00e0 interne ed un fermo produttivo che ne ha ulteriormente compromesso la situazione. Nonostante ci\u00f2, il successo pregresso della Cartiera Fornaci ha motivato l\u2019acquisizione, mirando a risollevare il marchio sul mercato e ad ampliare le opportunit\u00e0 commerciali delle due aziende. <\/p>\n\n\n\n<p class=\"has-text-color has-link-color has-h-4-font-size wp-elements-e1c6a156aee82a3c86dafe085a7a82dc\" style=\"color:#0072bc\">Potrebbe darci qualche informazione sulla modalit\u00e0 dell\u2019acquisizione?<\/p>\n\n\n\n<p><strong>FM Cartiere SpA<\/strong>, societ\u00e0 controllata dalla Cartiera Fornaci, dal 2020 conduce in affitto la Cartiera di Momo, di cui gli stessi soci di cartiera hanno acquisito quote di maggioranza precedentemente. Questa mossa strategica \u00e8 stata motivata dalla prossimit\u00e0 del fallimento dell\u2019azienda di Momo, che avrebbe complicato notevolmente il processo di salvataggio, richiedendo un maggior impegno finanziario e una tempistica estesa.<\/p>\n\n\n\n<p>L\u2019acquisizione \u00e8 stata finanziata internamente dalla Cartiera Fornaci, dimostrando la solidit\u00e0 finanziaria dell\u2019azienda. Con il cambio di gestione, i fratelli Cattaneo hanno assunto un ruolo predominante nell\u2019assetto direzionale, detenendo il 66% delle azioni. Questo cambiamento ha portato a una nuova direzione aziendale, mirata a risollevare le sorti dell\u2019impresa acquisita. <\/p>\n\n\n\n<p>\u00c8 stato stipulato un accordo di concordato per cinque anni, con l\u2019impegno della FM Cartiere a saldare i debiti e a ristrutturare l\u2019azienda di Momo. L\u2019accordo \u00e8 stato approvato dal giudice, riconoscendo le buone intenzioni e le capacit\u00e0 finanziarie della Cartiera Fornaci e della famiglia Cattaneo a capo dell\u2019operazione. <\/p>\n\n\n<div class=\"cecAdv-banner-wrap\">\n\t<div class=\"cecAdv\"  data-advshow=\"advframe-4994\">\n\t\t<a href=\"https:\/\/www.runtechsystems.com\/\" target=\"_blank\">\n\t\t\t<img decoding=\"async\" src=\"https:\/\/www.cartaecartiere.com\/wp-content\/uploads\/2024\/04\/CC-PUBBLICITA-9.jpg\" no-lazy\/>\n\t\t<\/a>\n\t<\/div>\n<\/div>\n\n\n\n<p>Nel quadro dell\u2019acquisizione, Cartiera Fornaci si \u00e8 impegnata a mantenere l\u2019azienda di Momo come controllata al 98%, contribuendo cos\u00ec alla sua salvaguardia. L\u2019obiettivo a lungo termine \u00e8 quello di creare un gruppo coeso, con una direzione unificata e un apparato commerciale condiviso, al fine di ridurre i costi e migliorare l\u2019efficienza operativa. <\/p>\n\n\n\n<p>Questo approccio strategico \u00e8 guidato dalla necessit\u00e0 di affrontare le sfide del mercato in modo pi\u00f9 efficace e di garantire una maggiore solidit\u00e0 finanziaria. La nuova struttura vedr\u00e0 una capogruppo e due societ\u00e0 operative a Momo (Novara) e Fagnano Olona (Varese). <\/p>\n\n\n\n<p class=\"has-text-color has-link-color has-h-4-font-size wp-elements-3ab523ed7cfed067e2392b831144a042\" style=\"color:#0072bc\">A livello operativo, quali sono state le difficolt\u00e0 riscontrate? <\/p>\n\n\n\n<p>La Cartiera Fornaci ha affrontato notevoli difficolt\u00e0 nel risollevare l\u2019azienda di Momo. Dopo un periodo prolungato di inattivit\u00e0, gli impianti hanno richiesto un lungo e costoso periodo di avviamento. La nuova gestione ha dovuto affrontare sfide organizzative, incluso un reparto commerciale che non si adattava ai cambiamenti di mercato e la necessit\u00e0 di introdurre nuove figure direttive per migliorare il controllo aziendale.<\/p>\n\n\n\n<p>Ripristinare la credibilit\u00e0 dell\u2019azienda sul mercato \u00e8 stato particolarmente difficile, poich\u00e9 clienti, fornitori e istituti bancari avevano perso fiducia nell\u2019azienda. La capogruppo ha dovuto assumersi responsabilit\u00e0 finanziarie significative per riconquistare la fiducia degli investitori e delle banche.<\/p>\n\n\n\n<p>Inoltre, si \u00e8 concentrata sulla fidelizzazione dei clienti attraverso miglioramenti nei prodotti offerti e un approccio pi\u00f9 mirato alla loro soddisfazione. L\u2019integrazione tra le due realt\u00e0 aziendali \u00e8 stata altrettanto impegnativa, specialmente considerando la gestione storica e familiare di Fornaci, che ha dovuto adattarsi a una nuova struttura organizzativa e integrare il personale di Momo.<\/p>\n\n\n\n<figure class=\"wp-block-image size-large\"><img loading=\"lazy\" decoding=\"async\" width=\"1024\" height=\"362\" src=\"https:\/\/www.cartaecartiere.com\/wp-content\/uploads\/2024\/04\/CC-ARTICOLI-8-1024x362.jpg\" alt=\"\" class=\"wp-image-4997\" srcset=\"https:\/\/www.cartaecartiere.com\/wp-content\/uploads\/2024\/04\/CC-ARTICOLI-8-1024x362.jpg 1024w, https:\/\/www.cartaecartiere.com\/wp-content\/uploads\/2024\/04\/CC-ARTICOLI-8-300x106.jpg 300w, https:\/\/www.cartaecartiere.com\/wp-content\/uploads\/2024\/04\/CC-ARTICOLI-8-768x272.jpg 768w, https:\/\/www.cartaecartiere.com\/wp-content\/uploads\/2024\/04\/CC-ARTICOLI-8-1536x544.jpg 1536w, https:\/\/www.cartaecartiere.com\/wp-content\/uploads\/2024\/04\/CC-ARTICOLI-8-2048x725.jpg 2048w, https:\/\/www.cartaecartiere.com\/wp-content\/uploads\/2024\/04\/CC-ARTICOLI-8-600x212.jpg 600w\" sizes=\"auto, (max-width: 1024px) 100vw, 1024px\" \/><figcaption class=\"wp-element-caption\"><strong>FM Cartiere, Momo (NO)<\/strong>.<\/figcaption><\/figure>\n\n\n\n<p>Nonostante i dipendenti di Momo siano stati mantenuti, molti si sono sentiti demotivati e disorientati, creando ulteriori sfide di gestione. A distanza di un anno e mezzo dalla firma del concordato, la principale sfida per la capogruppo \u00e8 ancora quella di individuare personale qualificato e motivato che possa contribuire al recupero totale dell\u2019azienda.<\/p>\n\n\n\n<p>Con l\u2019introduzione di professionalit\u00e0 qualificate e un approccio manageriale, si \u00e8 passati al coordinamento delle risorse e al loro indirizzamento verso i successivi obiettivi di ottimizzazione ed efficientamento del gruppo.<\/p>\n\n\n\n<p class=\"has-text-color has-link-color has-h-4-font-size wp-elements-312e534c53e04704603844a79a6b8a40\" style=\"color:#0072bc\">Come riassumerebbe l\u2019azienda di Momo?<\/p>\n\n\n\n<p>Fondata del 1963 e con sede a Novara, si specializza nella produzione di cartoncino patinato con una produzione annuale di circa 70.000 tonnellate all\u2019anno. Grazie a una dettagliata organizzazione interna e a un\u2019apprezzata efficienza logistica, Momo \u00e8 in grado di soddisfare le esigenze di piccoli, medi e grandi clienti, distinguendosi per la qualit\u00e0 del prodotto offerto.<\/p>\n\n\n\n<p>Si distingue inoltre per il suo impegno nell\u2019ambito della sostenibilit\u00e0 ambientale, utilizzando principalmente materiale riciclato per la produzione e garantendo un\u2019alta percentuale di riciclabilit\u00e0. Nonostante le difficolt\u00e0 incontrate in passato, la FM Cartiere ha scelto di concentrarsi sui punti di forza dell\u2019azienda, come il solido portafoglio clienti e un\u2019organizzazione interna efficace. <\/p>\n\n\n\n<p>Grazie agli sforzi della famiglia Cattaneo, l\u2019azienda di Momo ha un futuro sicuro e si concentra sull\u2019ottimizzazione della produzione e sull\u2019innovazione dei suoi prodotti per raggiungere un mercato sempre pi\u00f9 ampio.<\/p>\n","protected":false},"excerpt":{"rendered":"<p>La Cartiera Fornaci fu fondata a Fagnano Olona nel 1960 per volont\u00e0 di Pieraldo Cattaneo che dedic\u00f2 la sua vita alla ricerca di qualcosa di innovativo, arrivando alla produzione dei primi fogli di cartone riciclato. Si impegn\u00f2 a lungo per far s\u00ec che la cartiera potesse avere un alto riguardo da parte dei consumatori, investendo &hellip; <a href=\"https:\/\/www.cartaecartiere.com\/en\/cartiera-fornaci-e-fm-cartiere-coesione-e-strategia-per-unefficienza-operativa\/\">Continued<\/a><\/p>\n","protected":false},"author":2,"featured_media":5001,"comment_status":"closed","ping_status":"closed","sticky":false,"template":"","format":"standard","meta":{"_acf_changed":false,"inline_featured_image":false,"footnotes":""},"categories":[127],"tags":[29],"class_list":["post-4994","post","type-post","status-publish","format-standard","has-post-thumbnail","hentry","category-marzo-aprile-2024","tag-in-cartiera"],"acf":[],"_links":{"self":[{"href":"https:\/\/www.cartaecartiere.com\/en\/wp-json\/wp\/v2\/posts\/4994","targetHints":{"allow":["GET"]}}],"collection":[{"href":"https:\/\/www.cartaecartiere.com\/en\/wp-json\/wp\/v2\/posts"}],"about":[{"href":"https:\/\/www.cartaecartiere.com\/en\/wp-json\/wp\/v2\/types\/post"}],"author":[{"embeddable":true,"href":"https:\/\/www.cartaecartiere.com\/en\/wp-json\/wp\/v2\/users\/2"}],"replies":[{"embeddable":true,"href":"https:\/\/www.cartaecartiere.com\/en\/wp-json\/wp\/v2\/comments?post=4994"}],"version-history":[{"count":5,"href":"https:\/\/www.cartaecartiere.com\/en\/wp-json\/wp\/v2\/posts\/4994\/revisions"}],"predecessor-version":[{"id":5011,"href":"https:\/\/www.cartaecartiere.com\/en\/wp-json\/wp\/v2\/posts\/4994\/revisions\/5011"}],"wp:featuredmedia":[{"embeddable":true,"href":"https:\/\/www.cartaecartiere.com\/en\/wp-json\/wp\/v2\/media\/5001"}],"wp:attachment":[{"href":"https:\/\/www.cartaecartiere.com\/en\/wp-json\/wp\/v2\/media?parent=4994"}],"wp:term":[{"taxonomy":"category","embeddable":true,"href":"https:\/\/www.cartaecartiere.com\/en\/wp-json\/wp\/v2\/categories?post=4994"},{"taxonomy":"post_tag","embeddable":true,"href":"https:\/\/www.cartaecartiere.com\/en\/wp-json\/wp\/v2\/tags?post=4994"}],"curies":[{"name":"wp","href":"https:\/\/api.w.org\/{rel}","templated":true}]}}