{"id":5299,"date":"2024-04-09T15:00:57","date_gmt":"2024-04-09T13:00:57","guid":{"rendered":"https:\/\/www.cartaecartiere.com\/?p=5299"},"modified":"2024-04-09T20:08:13","modified_gmt":"2024-04-09T18:08:13","slug":"imballaggi-ppwr-dallaccordo-del-15-marzo-al-coreper-emergono-obiettivi-di-sostenibilita-sfidanti-ma-concreti","status":"publish","type":"post","link":"https:\/\/www.cartaecartiere.com\/en\/imballaggi-ppwr-dallaccordo-del-15-marzo-al-coreper-emergono-obiettivi-di-sostenibilita-sfidanti-ma-concreti\/","title":{"rendered":"Imballaggi (PPWR): dall\u2019accordo del 15 marzo al COREPER emergono obiettivi di sostenibilit\u00e0 sfidanti ma concreti"},"content":{"rendered":"\n<figure data-wp-context=\"{&quot;imageId&quot;:&quot;69ee01b1b64a6&quot;}\" data-wp-interactive=\"core\/image\" data-wp-key=\"69ee01b1b64a6\" class=\"wp-block-image alignleft size-full is-resized wp-lightbox-container\"><img loading=\"lazy\" decoding=\"async\" width=\"614\" height=\"625\" data-wp-class--hide=\"state.isContentHidden\" data-wp-class--show=\"state.isContentVisible\" data-wp-init=\"callbacks.setButtonStyles\" data-wp-on--click=\"actions.showLightbox\" data-wp-on--load=\"callbacks.setButtonStyles\" data-wp-on-window--resize=\"callbacks.setButtonStyles\" src=\"https:\/\/www.cartaecartiere.com\/wp-content\/uploads\/2024\/04\/CC-ARTICOLI-56.jpg\" alt=\"\" class=\"wp-image-5304\" style=\"width:250px\" srcset=\"https:\/\/www.cartaecartiere.com\/wp-content\/uploads\/2024\/04\/CC-ARTICOLI-56.jpg 614w, https:\/\/www.cartaecartiere.com\/wp-content\/uploads\/2024\/04\/CC-ARTICOLI-56-295x300.jpg 295w, https:\/\/www.cartaecartiere.com\/wp-content\/uploads\/2024\/04\/CC-ARTICOLI-56-589x600.jpg 589w\" sizes=\"auto, (max-width: 614px) 100vw, 614px\" \/><button\n\t\t\tclass=\"lightbox-trigger\"\n\t\t\ttype=\"button\"\n\t\t\taria-haspopup=\"dialog\"\n\t\t\taria-label=\"Enlarge\"\n\t\t\tdata-wp-init=\"callbacks.initTriggerButton\"\n\t\t\tdata-wp-on--click=\"actions.showLightbox\"\n\t\t\tdata-wp-style--right=\"state.imageButtonRight\"\n\t\t\tdata-wp-style--top=\"state.imageButtonTop\"\n\t\t>\n\t\t\t<svg xmlns=\"http:\/\/www.w3.org\/2000\/svg\" width=\"12\" height=\"12\" fill=\"none\" viewBox=\"0 0 12 12\">\n\t\t\t\t<path fill=\"#fff\" d=\"M2 0a2 2 0 0 0-2 2v2h1.5V2a.5.5 0 0 1 .5-.5h2V0H2Zm2 10.5H2a.5.5 0 0 1-.5-.5V8H0v2a2 2 0 0 0 2 2h2v-1.5ZM8 12v-1.5h2a.5.5 0 0 0 .5-.5V8H12v2a2 2 0 0 1-2 2H8Zm2-12a2 2 0 0 1 2 2v2h-1.5V2a.5.5 0 0 0-.5-.5H8V0h2Z\" \/>\n\t\t\t<\/svg>\n\t\t<\/button><figcaption class=\"wp-element-caption\">Michele Bianchi, Presidente della Federazione Carta e Grafica.<\/figcaption><\/figure>\n\n\n\n<p class=\"has-drop-cap\">\u201cLa Giornata del riciclo 2024 \u00e8 il giusto momento per evidenziare i risultati della filiera della carta e della sua trasformazione che ha raggiunto e oltrepassato l\u201985% di riciclo nell\u2019imballaggio in carta, ed evidenziare che l\u2019accordo sulla revisione della direttiva imballaggi (PPWR) &#8211; raggiunto il 15 marzo scorso dai rappresentanti dei 27 Stati membri della UE (COREPER) &#8211; riconosce l\u2019economia circolare e il riciclo essenziali per il raggiungimento degli obiettivi del Green Deal &#8211; afferma <strong>Michele Bianchi, Presidente della Federazione Carta e Grafica<\/strong>. Il testo finale risente molto dell\u2019azione dell\u2019Italia svolta sia tramite il Governo e le Amministrazioni, sia del Parlamento UE, in cui i parlamentari italiani Salini, Toia e Fiocchi tra tutti, hanno svolto un ruolo determinante\u201d. <\/p>\n\n\n\n<figure data-wp-context=\"{&quot;imageId&quot;:&quot;69ee01b1b6a82&quot;}\" data-wp-interactive=\"core\/image\" data-wp-key=\"69ee01b1b6a82\" class=\"wp-block-image alignleft size-full is-resized wp-lightbox-container\"><img loading=\"lazy\" decoding=\"async\" width=\"697\" height=\"709\" data-wp-class--hide=\"state.isContentHidden\" data-wp-class--show=\"state.isContentVisible\" data-wp-init=\"callbacks.setButtonStyles\" data-wp-on--click=\"actions.showLightbox\" data-wp-on--load=\"callbacks.setButtonStyles\" data-wp-on-window--resize=\"callbacks.setButtonStyles\" src=\"https:\/\/www.cartaecartiere.com\/wp-content\/uploads\/2024\/04\/CC-ARTICOLI-57.jpg\" alt=\"\" class=\"wp-image-5306\" style=\"width:250px\" srcset=\"https:\/\/www.cartaecartiere.com\/wp-content\/uploads\/2024\/04\/CC-ARTICOLI-57.jpg 697w, https:\/\/www.cartaecartiere.com\/wp-content\/uploads\/2024\/04\/CC-ARTICOLI-57-295x300.jpg 295w, https:\/\/www.cartaecartiere.com\/wp-content\/uploads\/2024\/04\/CC-ARTICOLI-57-590x600.jpg 590w\" sizes=\"auto, (max-width: 697px) 100vw, 697px\" \/><button\n\t\t\tclass=\"lightbox-trigger\"\n\t\t\ttype=\"button\"\n\t\t\taria-haspopup=\"dialog\"\n\t\t\taria-label=\"Enlarge\"\n\t\t\tdata-wp-init=\"callbacks.initTriggerButton\"\n\t\t\tdata-wp-on--click=\"actions.showLightbox\"\n\t\t\tdata-wp-style--right=\"state.imageButtonRight\"\n\t\t\tdata-wp-style--top=\"state.imageButtonTop\"\n\t\t>\n\t\t\t<svg xmlns=\"http:\/\/www.w3.org\/2000\/svg\" width=\"12\" height=\"12\" fill=\"none\" viewBox=\"0 0 12 12\">\n\t\t\t\t<path fill=\"#fff\" d=\"M2 0a2 2 0 0 0-2 2v2h1.5V2a.5.5 0 0 1 .5-.5h2V0H2Zm2 10.5H2a.5.5 0 0 1-.5-.5V8H0v2a2 2 0 0 0 2 2h2v-1.5ZM8 12v-1.5h2a.5.5 0 0 0 .5-.5V8H12v2a2 2 0 0 1-2 2H8Zm2-12a2 2 0 0 1 2 2v2h-1.5V2a.5.5 0 0 0-.5-.5H8V0h2Z\" \/>\n\t\t\t<\/svg>\n\t\t<\/button><figcaption class=\"wp-element-caption\">Lorenzo Poli, Presidente di Assocarta.<\/figcaption><\/figure>\n\n\n\n<p>Nella filiera rappresentata dalla Federazione, <strong>Lorenzo Poli, Presidente di Assocarta<\/strong> esprime la \u201csoddisfazione del settore cartario, che effettua il riciclo finale all\u2019interno del proprio processo produttivo da sempre, ma innovando ogni giorno nella tecnologia e nelle applicazioni. Nel 2023, nonostante la riduzione della produzione industriale, il tasso di utilizzo delle fibre secondarie ha segnato un +5% totalizzando il 67% sul totale delle fibre utilizzate dal settore. Per il settore cartario \u2013 continua Poli \u2013 in considerazione dell\u2019attuale stato della tecnologia, \u00e8 positiva l\u2019introduzione di una definizione di riciclo di alta qualit\u00e0 che include l\u2019applicazione nell\u2019imballaggio ma anche le altre applicazioni e la definizione di imballaggio composito che esclude componenti plastici al di sotto del 5% del peso totale, oltre agli altri trattamenti necessari per migliorare la protezione degli alimenti\u201d.<\/p>\n\n\n\n<p> Anche la componente della trasformazione della Federazione plaude l\u2019intesa finale che supera la contrapposizione tra riciclo e riuso introducendo la deroga generale (di cinque anni) dal riutilizzo per lo Stato membro che dimostra di superare di 5 punti percentuali gli obiettivi di riciclaggio da raggiungere entro il 2025 ed esenta il cartone dagli obiettivi di riutilizzo per gli imballaggi per il trasporto B2C (incluso il commercio elettronico) e B2B, per i grandi elettrodomestici, per il cibo d\u2019asporto, per le bevande come il latte e altri deperibili. <\/p>\n\n\n\n<figure data-wp-context=\"{&quot;imageId&quot;:&quot;69ee01b1b6ff0&quot;}\" data-wp-interactive=\"core\/image\" data-wp-key=\"69ee01b1b6ff0\" class=\"wp-block-image alignleft size-full is-resized wp-lightbox-container\"><img loading=\"lazy\" decoding=\"async\" width=\"703\" height=\"705\" data-wp-class--hide=\"state.isContentHidden\" data-wp-class--show=\"state.isContentVisible\" data-wp-init=\"callbacks.setButtonStyles\" data-wp-on--click=\"actions.showLightbox\" data-wp-on--load=\"callbacks.setButtonStyles\" data-wp-on-window--resize=\"callbacks.setButtonStyles\" src=\"https:\/\/www.cartaecartiere.com\/wp-content\/uploads\/2024\/04\/CC-ARTICOLI-58.jpg\" alt=\"\" class=\"wp-image-5308\" style=\"width:250px\" srcset=\"https:\/\/www.cartaecartiere.com\/wp-content\/uploads\/2024\/04\/CC-ARTICOLI-58.jpg 703w, https:\/\/www.cartaecartiere.com\/wp-content\/uploads\/2024\/04\/CC-ARTICOLI-58-300x300.jpg 300w, https:\/\/www.cartaecartiere.com\/wp-content\/uploads\/2024\/04\/CC-ARTICOLI-58-150x150.jpg 150w, https:\/\/www.cartaecartiere.com\/wp-content\/uploads\/2024\/04\/CC-ARTICOLI-58-598x600.jpg 598w\" sizes=\"auto, (max-width: 703px) 100vw, 703px\" \/><button\n\t\t\tclass=\"lightbox-trigger\"\n\t\t\ttype=\"button\"\n\t\t\taria-haspopup=\"dialog\"\n\t\t\taria-label=\"Enlarge\"\n\t\t\tdata-wp-init=\"callbacks.initTriggerButton\"\n\t\t\tdata-wp-on--click=\"actions.showLightbox\"\n\t\t\tdata-wp-style--right=\"state.imageButtonRight\"\n\t\t\tdata-wp-style--top=\"state.imageButtonTop\"\n\t\t>\n\t\t\t<svg xmlns=\"http:\/\/www.w3.org\/2000\/svg\" width=\"12\" height=\"12\" fill=\"none\" viewBox=\"0 0 12 12\">\n\t\t\t\t<path fill=\"#fff\" d=\"M2 0a2 2 0 0 0-2 2v2h1.5V2a.5.5 0 0 1 .5-.5h2V0H2Zm2 10.5H2a.5.5 0 0 1-.5-.5V8H0v2a2 2 0 0 0 2 2h2v-1.5ZM8 12v-1.5h2a.5.5 0 0 0 .5-.5V8H12v2a2 2 0 0 1-2 2H8Zm2-12a2 2 0 0 1 2 2v2h-1.5V2a.5.5 0 0 0-.5-.5H8V0h2Z\" \/>\n\t\t\t<\/svg>\n\t\t<\/button><figcaption class=\"wp-element-caption\">Emilio Albertini, Presidente di Assografici.<\/figcaption><\/figure>\n\n\n\n<p>Per <strong>Emilio Albertini, Presidente di Assografici <\/strong>&#8211; &#8220;La proposta iniziale era caratterizzata da molti divieti ed imposizioni irrazionali che andavano a penalizzare imballaggi riciclabili e ampiamente riciclati per sostituirli idealmente con soluzioni di riuso dall\u2019impatto ambientale incerto. Bene, quindi, le esenzioni dai target di riutilizzo per il cartone e lo stralcio dei divieti per gli imballaggi a base carta per frutta e verdura fresca e per alimenti e bevande nel settore HORECA. Peraltro, l\u2019obbligo di contenuto minimo riciclato per la plastica va in contrasto con i divieti vigenti nella normativa dei materiali a contatto per alimenti\u201d. <\/p>\n\n\n\n<p>Ci sar\u00e0 meno tempo per gli Stati membri per adottare divieti nazionali. Inizialmente prevista per la data di applicazione della normativa (terzo trimestre stimato del 2026), la presidenza ha modificato il testo in modo che gli Stati membri possano mantenere le restrizioni adottate prima del 1\u00b0 gennaio 2025 all\u2019immissione sul mercato di imballaggi. <\/p>\n\n\n\n<p>Tutto ci\u00f2 \u00e8 positivo, ma \u00e8 anche un \u201cvulnus\u201d al mercato interno: infatti un regolamento che entrer\u00e0 subito in vigore (senza una legge di recepimento) \u201cconsentir\u00e0\u201d la sopravvivenza delle norme nazionali, tradendo lo spirito di armonizzazione della norma comunitaria e della stessa Unione.<\/p>\n","protected":false},"excerpt":{"rendered":"<p>\u201cLa Giornata del riciclo 2024 \u00e8 il giusto momento per evidenziare i risultati della filiera della carta e della sua trasformazione che ha raggiunto e oltrepassato l\u201985% di riciclo nell\u2019imballaggio in carta, ed evidenziare che l\u2019accordo sulla revisione della direttiva imballaggi (PPWR) &#8211; raggiunto il 15 marzo scorso dai rappresentanti dei 27 Stati membri della &hellip; <a href=\"https:\/\/www.cartaecartiere.com\/en\/imballaggi-ppwr-dallaccordo-del-15-marzo-al-coreper-emergono-obiettivi-di-sostenibilita-sfidanti-ma-concreti\/\">Continued<\/a><\/p>\n","protected":false},"author":2,"featured_media":5302,"comment_status":"closed","ping_status":"closed","sticky":false,"template":"","format":"standard","meta":{"_acf_changed":false,"inline_featured_image":false,"footnotes":""},"categories":[127,24],"tags":[34],"class_list":["post-5299","post","type-post","status-publish","format-standard","has-post-thumbnail","hentry","category-marzo-aprile-2024","category-news","tag-news"],"acf":[],"_links":{"self":[{"href":"https:\/\/www.cartaecartiere.com\/en\/wp-json\/wp\/v2\/posts\/5299","targetHints":{"allow":["GET"]}}],"collection":[{"href":"https:\/\/www.cartaecartiere.com\/en\/wp-json\/wp\/v2\/posts"}],"about":[{"href":"https:\/\/www.cartaecartiere.com\/en\/wp-json\/wp\/v2\/types\/post"}],"author":[{"embeddable":true,"href":"https:\/\/www.cartaecartiere.com\/en\/wp-json\/wp\/v2\/users\/2"}],"replies":[{"embeddable":true,"href":"https:\/\/www.cartaecartiere.com\/en\/wp-json\/wp\/v2\/comments?post=5299"}],"version-history":[{"count":4,"href":"https:\/\/www.cartaecartiere.com\/en\/wp-json\/wp\/v2\/posts\/5299\/revisions"}],"predecessor-version":[{"id":5313,"href":"https:\/\/www.cartaecartiere.com\/en\/wp-json\/wp\/v2\/posts\/5299\/revisions\/5313"}],"wp:featuredmedia":[{"embeddable":true,"href":"https:\/\/www.cartaecartiere.com\/en\/wp-json\/wp\/v2\/media\/5302"}],"wp:attachment":[{"href":"https:\/\/www.cartaecartiere.com\/en\/wp-json\/wp\/v2\/media?parent=5299"}],"wp:term":[{"taxonomy":"category","embeddable":true,"href":"https:\/\/www.cartaecartiere.com\/en\/wp-json\/wp\/v2\/categories?post=5299"},{"taxonomy":"post_tag","embeddable":true,"href":"https:\/\/www.cartaecartiere.com\/en\/wp-json\/wp\/v2\/tags?post=5299"}],"curies":[{"name":"wp","href":"https:\/\/api.w.org\/{rel}","templated":true}]}}