{"id":7555,"date":"2024-12-08T10:55:06","date_gmt":"2024-12-08T09:55:06","guid":{"rendered":"https:\/\/www.cartaecartiere.com\/?p=7555"},"modified":"2025-02-10T01:07:03","modified_gmt":"2025-02-10T00:07:03","slug":"il-miac-taglia-il-nastro-della-trentesima-edizione","status":"publish","type":"post","link":"https:\/\/www.cartaecartiere.com\/en\/il-miac-taglia-il-nastro-della-trentesima-edizione\/","title":{"rendered":"Il MIAC taglia il nastro della trentesima edizione"},"content":{"rendered":"\n<p class=\"has-drop-cap\">Corridoi affollati e stand tutti occupati nei Padiglioni della fiera MIAC di Lucca: la Mostra Internazionale dell\u2019Industria Cartaria &#8211; giunta alla trentesima edizione &#8211; ha riaffermato il suo ruolo di rassegna fieristica ai primi posti nel settore dei macchinari e delle attrezzature utilizzate nell\u2019industria cartaria per la produzione e la trasformazione. <\/p>\n\n\n\n<p>Una rassegna di respiro internazionale con 270 espositori presenti, che ha accolto nelle tre giornate in calendario oltre 7 mila visitatori. Nel Polo Fieristico della citt\u00e0 toscana si sono incontrati operatori del settore provenienti da tutto il mondo per fare il punto sull\u2019andamento del mercato, sullo sviluppo tecnologico e sull\u2019adeguamento dei macchinari per la produzione della carta e del cartone e per il converting della carta tissue. <\/p>\n\n\n\n<p>Un\u2019occasione irrinunciabile per conoscere e incontrare da vicino le aziende leader di settore, ma anche per l\u2019aggiornamento professionale, grazie ai diversi convegni internazionali organizzati in collaborazione con Assocarta e Confindustria Toscana Nord durante le tre giornate della manifestazione. Di rilievo anche la partecipazione della stampa specializzata, con giornalisti accreditati di oltre 20 testate da tutto il mondo. <\/p>\n\n\n\n<p>\u201cLa manifestazione ha tagliato l\u2019importante traguardo dei 30 anni di attivit\u00e0 &#8211; spiega <strong>Gianmaria Pfeiffer, Direttore del MIAC<\/strong> &#8211; registrando ancora una volta il tutto esaurito. Il MIAC offre da sempre una panoramica a 360 gradi sul settore cartario e rappresenta ormai un appuntamento fisso per gli addetti ai lavori, grazie alla presenza nei padiglioni espositivi del Polo Fiere di Lucca delle pi\u00f9 importanti imprese del settore a livello nazionale e internazionale\u201d. <\/p>\n\n\n\n<p>I battenti del MIAC 2024 si sono aperti con il tradizionale taglio del nastro della manifestazione, seguito dal convegno inaugurale dal titolo <em>\u201cDecarbonizzare l\u2019industria cartaria, fra obiettivi europei e mercati globali\u201d<\/em>. Al centro del dibattito &#8211; moderato dal giornalista <strong>Marco Frittella<\/strong> &#8211; si \u00e8 discusso il tema della competitivit\u00e0 del settore e del mix energetico sul quale orientare gli investimenti per la transizione green nell\u2019ambito del perimetro del PNRR. <\/p>\n\n\n\n<p>Sulle criticit\u00e0 e sulle possibili soluzioni per raggiungere gli obiettivi di decarbonizzazione dell\u2019Unione Europea nel settore cartario italiano, sono intervenuti Lorenzo Poli, Presidente di Assocarta; Tiziano Pieretti, Vice Presidente di Confindustria Toscana Nord; Pietro Gattoni, Presidente del CIB &#8211; Consorzio Italiano Biogas; Fabrizio Penna, Capo Dipartimento unit\u00e0 missione PNRR del Ministero dell\u2019Ambiente e della Sicurezza Energetica; Attilio Punzo, Responsabile direzione riconoscimento incentivi e titoli GSE. In conclusione ha preso la parola Monia Monni, Assessore della Regione Toscana all\u2019ambiente, economia circolare, difesa del suolo e protezione civile. <\/p>\n\n\n\n<p class=\"has-blu-c-c-color has-text-color has-link-color has-h-3-font-size wp-elements-c26e70dc0daf7c17f213810ed9445169\">I primati del settore cartario italiano<\/p>\n\n\n<div class=\"cecAdv-banner-wrap\">\n\t<div class=\"cecAdv\"  data-advshow=\"advframe-7555\">\n\t\t<a href=\"https:\/\/www.acelli.it\/it\/\" target=\"_blank\">\n\t\t\t<img decoding=\"async\" src=\"https:\/\/www.cartaecartiere.com\/wp-content\/uploads\/2024\/12\/202406-a.celli_.jpg\" no-lazy\/>\n\t\t<\/a>\n\t<\/div>\n<\/div>\n\n\n\n<p><strong>Lorenzo Poli, Presidente Assocarta <\/strong><\/p>\n\n\n\n<p>La produzione nazionale di carta e cartone mostra una ripresa del 7% nei primi 7 mesi del 2024 rispetto allo stesso periodo del 2023, a fronte di un parziale recupero anche della domanda interna (+5,4% primi 6 mesi 2024\/2023). Crescono del 10,3% le importazioni, mentre il fatturato si riduce dell\u20191,8% (primi 6 mesi 2024\/2023). <\/p>\n\n\n\n<p>La carta da riciclare vede un tasso di raccolta che, nel 2023, ha raggiunto il massimo storico del 75,4%, ma aumenta del 48,3% anche il suo export. Ad oggi, con il 10,2% della produzione realizzata in Europa, l\u2019Italia \u00e8 al secondo posto &#8211; per il terzo anno consecutivo &#8211; anche come utilizzatore di carta da riciclare. <\/p>\n\n\n\n<figure class=\"wp-block-image alignleft size-full is-resized\"><a href=\"https:\/\/www.cartaecartiere.com\/wp-content\/uploads\/2024\/11\/CC-IMMAGINI-10.jpg\" data-lbwps-width=\"672\" data-lbwps-height=\"756\" data-lbwps-srcsmall=\"https:\/\/www.cartaecartiere.com\/wp-content\/uploads\/2024\/11\/CC-IMMAGINI-10-267x300.jpg\"><img loading=\"lazy\" decoding=\"async\" width=\"672\" height=\"756\" src=\"https:\/\/www.cartaecartiere.com\/wp-content\/uploads\/2024\/11\/CC-IMMAGINI-10.jpg\" alt=\"Lorenzo Poli,\nPresidente di Assocarta.\" class=\"wp-image-7573\" style=\"width:350px\" srcset=\"https:\/\/www.cartaecartiere.com\/wp-content\/uploads\/2024\/11\/CC-IMMAGINI-10.jpg 672w, https:\/\/www.cartaecartiere.com\/wp-content\/uploads\/2024\/11\/CC-IMMAGINI-10-267x300.jpg 267w, https:\/\/www.cartaecartiere.com\/wp-content\/uploads\/2024\/11\/CC-IMMAGINI-10-533x600.jpg 533w\" sizes=\"auto, (max-width: 672px) 100vw, 672px\" \/><\/a><figcaption class=\"wp-element-caption\">Lorenzo Poli, Presidente di Assocarta.<\/figcaption><\/figure>\n\n\n\n<p>A questo proposito, il settore ha ampiamente oltrepassato l\u2019obiettivo europeo dell\u201985% di riciclo nel settore dell\u2019imballaggio, mentre la carta da riciclare rappresenta circa il 70% della fibra utilizzata e raggiunge il podio pi\u00f9 alto nella produzione di carte per usi igienico e sanitari, mentre \u00e8 in terza posizione nelle carte per il packaging. <\/p>\n\n\n\n<p>L\u2019aumento dell\u2019export di carta da riciclare evidenzia le difficolt\u00e0 del sistema produttivo italiano di trasformare tutta la \u201cminiera strategica italiana\u201d, a causa di un gap competitivo legato &#8211; a doppio filo &#8211; ai costi energetici, disallineati dai competitors europei, e a politiche ambientali UE che vedono le misure di decarbonizzazione non collegate ai consumi industriali. <\/p>\n\n\n\n<p>Per rimanere competitivi dobbiamo pareggiare velocemente le attenzioni che gli Stati limitrofi all\u2019Italia, e quelli extra UE, prestano alle bollette di gas ed elettricit\u00e0 delle rispettive industrie energivore. Sono a rischio 19 mila addetti diretti, impiegati in 152 impianti cartari, ma se estendiamo il dato all\u2019intera filiera gli addetti complessivi sono oltre 160 mila. <\/p>\n\n\n\n<p>Per questo, chiediamo al Governo l\u2019attuazione della gas release (che avrebbe dovuto essere operativa nell\u2019ottobre 2024) e l\u2019applicazione dell\u2019electricity release di luglio 2024, con la previsione di meccanismi che accelerino gli investimenti in decarbonizzazione. \u00c8 essenziale che le misure per la decarbonizzazione siano strettamente collegate ai consumi industriali. In questo senso occorre ricordare la norma per il biometano recentemente varata: \u00e8 un buon esempio, ma insufficiente rispetto agli obiettivi e alle risorse necessarie. <\/p>\n\n\n\n<p>Va attuato, in questa direzione, quanto previsto dal nuovo Decreto legislativo ETS dove si prevede che la quota annua dei proventi derivanti dalle aste, eccedente il valore di mille milioni di euro, sia destinata, nella misura massima complessiva di 600 milioni di euro annui &#8211; nel rispetto della normativa europea in materia di aiuti di Stato e della normativa relativa al sistema per lo scambio di quote di emissioni dei gas a effetto serra di cui alla Direttiva 2003\/87\/CE del Parlamento europeo e del Consiglio del 13 ottobre 2003 &#8211; al Fondo per la transizione energetica nel settore industriale. <\/p>\n\n\n\n<figure class=\"wp-block-image size-large\"><a href=\"https:\/\/www.cartaecartiere.com\/wp-content\/uploads\/2024\/11\/CC-IMMAGINI-9.jpg\" data-lbwps-width=\"2308\" data-lbwps-height=\"1336\" data-lbwps-srcsmall=\"https:\/\/www.cartaecartiere.com\/wp-content\/uploads\/2024\/11\/CC-IMMAGINI-9-300x174.jpg\"><img loading=\"lazy\" decoding=\"async\" width=\"1024\" height=\"593\" src=\"https:\/\/www.cartaecartiere.com\/wp-content\/uploads\/2024\/11\/CC-IMMAGINI-9-1024x593.jpg\" alt=\"\" class=\"wp-image-7571\" srcset=\"https:\/\/www.cartaecartiere.com\/wp-content\/uploads\/2024\/11\/CC-IMMAGINI-9-1024x593.jpg 1024w, https:\/\/www.cartaecartiere.com\/wp-content\/uploads\/2024\/11\/CC-IMMAGINI-9-300x174.jpg 300w, https:\/\/www.cartaecartiere.com\/wp-content\/uploads\/2024\/11\/CC-IMMAGINI-9-768x445.jpg 768w, https:\/\/www.cartaecartiere.com\/wp-content\/uploads\/2024\/11\/CC-IMMAGINI-9-1536x889.jpg 1536w, https:\/\/www.cartaecartiere.com\/wp-content\/uploads\/2024\/11\/CC-IMMAGINI-9-2048x1185.jpg 2048w, https:\/\/www.cartaecartiere.com\/wp-content\/uploads\/2024\/11\/CC-IMMAGINI-9-600x347.jpg 600w\" sizes=\"auto, (max-width: 1024px) 100vw, 1024px\" \/><\/a><figcaption class=\"wp-element-caption\">I relatori del Convegno di apertura di MIAC 2024. ANDRITZ \u00e8 stata sponsor della Sala Convegni di MIAC 2024.<\/figcaption><\/figure>\n\n\n<div class=\"cecAdv-banner-wrap\">\n\t<div class=\"cecAdv\"  data-advshow=\"advframe-7555\">\n\t\t<a href=\"https:\/\/www.giottotechnologies.com\/it\/\" target=\"_blank\">\n\t\t\t<img decoding=\"async\" src=\"https:\/\/www.cartaecartiere.com\/wp-content\/uploads\/2024\/12\/202406-giotto.jpg\" no-lazy\/>\n\t\t<\/a>\n\t<\/div>\n<\/div>\n\n\n\n<p class=\"has-blu-c-c-color has-text-color has-link-color has-h-3-font-size wp-elements-acf1308227ccd82e619dd68140876acd\">Carta e agricoltura, due eccellenze del Made in Italy<\/p>\n\n\n\n<p><strong>Pietro Gattoni, Presidente CIB &#8211; Consorzio Italiano Biogas <\/strong><\/p>\n\n\n\n<p>Il Consorzio Italiano Biogas rappresenta quasi 900 aziende agricole produttrici di biogas e biometano che nel loro percorso imprenditoriale hanno deciso d diversificare la produzione di beni alimentari di qualit\u00e0 integrando &#8211; in un\u2019ottica di economia circolare &#8211; anche la produzione di gas rinnovabili. Non avevamo come interlocutori industrie hard to abate come quelle del settore cartario, ma con esse avevamo in comune la stessa sensibilit\u00e0 verso i temi ambientali e della transizione energetica. <\/p>\n\n\n\n<figure class=\"wp-block-image alignright size-full is-resized\"><a href=\"https:\/\/www.cartaecartiere.com\/wp-content\/uploads\/2024\/11\/CC-IMMAGINI-11.jpg\" data-lbwps-width=\"672\" data-lbwps-height=\"759\" data-lbwps-srcsmall=\"https:\/\/www.cartaecartiere.com\/wp-content\/uploads\/2024\/11\/CC-IMMAGINI-11-266x300.jpg\"><img loading=\"lazy\" decoding=\"async\" width=\"672\" height=\"759\" src=\"https:\/\/www.cartaecartiere.com\/wp-content\/uploads\/2024\/11\/CC-IMMAGINI-11.jpg\" alt=\"\" class=\"wp-image-7575\" style=\"width:350px\" srcset=\"https:\/\/www.cartaecartiere.com\/wp-content\/uploads\/2024\/11\/CC-IMMAGINI-11.jpg 672w, https:\/\/www.cartaecartiere.com\/wp-content\/uploads\/2024\/11\/CC-IMMAGINI-11-266x300.jpg 266w, https:\/\/www.cartaecartiere.com\/wp-content\/uploads\/2024\/11\/CC-IMMAGINI-11-531x600.jpg 531w\" sizes=\"auto, (max-width: 672px) 100vw, 672px\" \/><\/a><figcaption class=\"wp-element-caption\">Pietro Gattoni, Presidente del CIB &#8211; Consorzio Italiano Biogas.<\/figcaption><\/figure>\n\n\n\n<p>Il percorso fatto in questi anni ci ha portato cos\u00ec a mettere a disposizione dell\u2019industria cartaria una materia prima come il biometano del mondo agricolo &#8211; un gas rinnovabile prontamente disponibile &#8211; che poteva pemettergli di soddisfare i parametri richiesti di riduzione della CO2. Aver costruito un percorso di supporto e regolatorio che permettesse alle nostre aziende di mettere il biometano in rete e poterlo fornire all\u2019industria \u00e8 stato sicuramente impegnativo. <\/p>\n\n\n\n<p>Oggi possiamo mettere a disposizione circa 2 miliardi e 300 milioni di metri cubi di biometano, che rappresentano una quota significativa dell\u2019attuale consumo del settore cartario. Il percorso di transizione verso l\u2019economia circolare \u00e8 inderogabile, non solo per il rispetto dei temi ambientali ma anche per la competitivit\u00e0 delle imprese. <\/p>\n\n\n\n<p>Il Distretto della carta rappresenta un\u2019eccellenza del Made in Italy industriale e questa alleanza con il Consorzio Italiano Biogas pu\u00f2 rappresentare una nuova e innovativa filiera della sostenibilit\u00e0 a livello europeo. La sinergia tra agricoltura e industria offre un\u2019opportunit\u00e0 unica per promuovere l\u2019uso diffuso del biometano come vettore di decarbonizzazione e di diversificazione del mix energetico, facendo leva sulle eccellenze gi\u00e0 presenti sul territorio e preservandone la competitivit\u00e0. <\/p>\n\n\n\n<p>In questo senso, l\u2019accordo siglato con Assocarta prosegue il lavoro congiunto svolto in questi anni che ha permesso di avviare e rafforzare la relazione tra il settore primario e quello industriale pi\u00f9 energivoro. Settori un tempo distanti, che trovano oggi nel biometano una chiave di dialogo che permette di coniugare visioni comuni di sviluppo industriale. <\/p>\n\n\n\n<p>Auspichiamo che la collaborazione porti a rafforzare ulteriormente questa sinergia e che consenta di introdurre ulteriori misure a supporto del riconoscimento del valore ambientale e dei servizi ecosistemici favoriti con la produzione e l\u2019uso del biometano. <\/p>\n\n\n\n<p class=\"has-blu-c-c-color has-text-color has-link-color has-h-3-font-size wp-elements-c44f5cae911e4ed05ce7f61c6440bd74\">Il cartario, settore protagonista del PNRR<\/p>\n\n\n\n<p><strong>Fabrizio Penna, Capo Dipartimento Unit\u00e0 Missione PNRR Ministero Ambiente e Sicurezza Energetica<\/strong><\/p>\n\n\n\n<p>Come partner europeo abbiamo assunto un impegno molto importante per raggiungere la decarbonizzazione al 2050. Spesso si dice, e non a torto, che la decarbonizzazione e la transizione energetica ed ecologica non sono una passeggiata, ma rischiano di essere un \u201cbagno di sangue\u201d piuttosto che un\u2019opportunit\u00e0. <\/p>\n\n\n\n<p>Dobbiamo lavorare quindi proprio sulle opportunit\u00e0, seguendo il percorso verso la decarbonizzazione con il passo del maratoneta e non con quello del centometrista. Certamente dobbiamo fare presto, per\u00f2 dobbiamo lavorare bene. La crisi del mercato automobilistico \u00e8 emblematica in questo senso: \u00e8 stata innescata da chi ha voluto imporci una tagliola al 2035 sulle programmazioni dei maggiori gruppi automobilisti. <\/p>\n\n\n\n<figure class=\"wp-block-image alignleft size-full is-resized\"><a href=\"https:\/\/www.cartaecartiere.com\/wp-content\/uploads\/2024\/11\/CC-IMMAGINI-12.jpg\" data-lbwps-width=\"672\" data-lbwps-height=\"759\" data-lbwps-srcsmall=\"https:\/\/www.cartaecartiere.com\/wp-content\/uploads\/2024\/11\/CC-IMMAGINI-12-266x300.jpg\"><img loading=\"lazy\" decoding=\"async\" width=\"672\" height=\"759\" src=\"https:\/\/www.cartaecartiere.com\/wp-content\/uploads\/2024\/11\/CC-IMMAGINI-12.jpg\" alt=\"Fabrizio Penna, Capo Dipartimento\nUnit\u00e0 Missione PNRR Ministero\ndell\u2019Ambiente e Sicurezza Energetica.\" class=\"wp-image-7577\" style=\"width:350px\" srcset=\"https:\/\/www.cartaecartiere.com\/wp-content\/uploads\/2024\/11\/CC-IMMAGINI-12.jpg 672w, https:\/\/www.cartaecartiere.com\/wp-content\/uploads\/2024\/11\/CC-IMMAGINI-12-266x300.jpg 266w, https:\/\/www.cartaecartiere.com\/wp-content\/uploads\/2024\/11\/CC-IMMAGINI-12-531x600.jpg 531w\" sizes=\"auto, (max-width: 672px) 100vw, 672px\" \/><\/a><figcaption class=\"wp-element-caption\">Fabrizio Penna, Capo Dipartimento Unit\u00e0 Missione PNRR Ministero dell\u2019Ambiente e Sicurezza Energetica.<\/figcaption><\/figure>\n\n\n<div class=\"cecAdv-banner-wrap\">\n\t<div class=\"cecAdv\"  data-advshow=\"advframe-7555\">\n\t\t<a href=\"https:\/\/voith.com\/corp-en\/index.html\" target=\"_blank\">\n\t\t\t<img decoding=\"async\" src=\"https:\/\/www.cartaecartiere.com\/wp-content\/uploads\/2024\/12\/202406-voith.jpg\" no-lazy\/>\n\t\t<\/a>\n\t<\/div>\n<\/div>\n\n\n\n<p>La gradualit\u00e0 al 2050 quindi \u00e8 importante, cos\u00ec come lo \u00e8 altrettanto la neutralit\u00e0 tecnologica, considerando che non esiste una fonte enegetica in assoluto migliore delle altre. L\u2018Italia ha abbandonato purtroppo la geotermia e ha smesso di investire sull\u2019idroelettrico, ma fotovoltaico ed eolico non bastano a mandare avanti un Paese come l\u2019Italia, il settimo al mondo nella manifattura. <\/p>\n\n\n\n<p>La transizione ecologica ed energetica \u00e8 tra le missioni pi\u00f9 importanti del PNRR, in termini di impegno economico ma anche per le sfide di performance che pone a tutta l\u2019amministrazione pubblica. Il Piano nazionale di ripresa e resilienza, presentato dal Governo nel 2021 &#8211; a conclusione di un lungo processo di elaborazione che ha visto a pi\u00f9 riprese il contributo del Parlamento, con attivit\u00e0 conoscitive e di indirizzo &#8211; nel 2023 \u00e8 stato rivisto con modifiche e nuove misure tra cui quelle del capitolo dedicato a REPowerEU. <\/p>\n\n\n\n<p>Un capitolo specifico indirizzato a tre importanti misure specifiche: la resistenza energetica, la resilienza energetica e l\u2019indipendenza energetica. Abbiamo lavorato finanziando infrastrutture fondamentali come la dorsale adriatica del gas e il Tyrrhenian Link, colmando quel gap che ancora ci distanzia dai nostri competitors e che troviamo sulla bolletta delle aziende altamente energivore come quelle del settore cartario. <\/p>\n\n\n\n<p>L\u2019industria cartaria ha una tradizione antichissima nella manifattura nazionale ed \u00e8 capace di innovare questa tradizione continuamente. Un settore che \u00e8 protagonista del PNRR nei bandi per l\u2019economia circolare dove alcuni tra i pi\u00f9 innovativi Progetti faro vedono protagoniste proprio le industrie associate ad Assocarta. Ci sono delle difficolt\u00e0 ma la decarbonizzazione si pu\u00f2 raggiungere se lavoriamo in squadra, creando le sinergie tra gli stakeholder istituzionali, gli enti locali, le grandi imprese e le associazioni di categoria. <\/p>\n\n\n\n<p class=\"has-blu-c-c-color has-text-color has-link-color has-h-3-font-size wp-elements-6fbc5dcad7b86792901fc9df909ce2da\">GSE e Assocarta: strumenti per la decarbonizzazione della filiera cartaria<\/p>\n\n\n\n<p><strong>Attilio Punzo, Direzione Riconoscimento Incentivi e Titoli GSE <\/strong><\/p>\n\n\n\n<p>Il ruolo del GSE \u00e8 di sostenere interventi di efficientamento energetico e la produzione di energia da fonti rinnovabili nel nostro Paese attraverso diversi meccanismi di incentivazione, contribuendo alla decarbonizzazione del sistema energetico. GSE \u00e8 al fianco delle imprese per trovare insieme, in coordinamento con il MASE soluzioni efficaci &#8211; tra i meccanismi di supporto gestiti dal GSE &#8211; per accelerare il processo di ricerca e sviluppo, definire il mix di utilizzo ottimale anche grazie a vettori energetici green e mantenere alta la competitivit\u00e0 a livello internazionale. <\/p>\n\n\n\n<figure class=\"wp-block-image alignright size-full is-resized\"><a href=\"https:\/\/www.cartaecartiere.com\/wp-content\/uploads\/2024\/11\/CC-IMMAGINI-14.jpg\" data-lbwps-width=\"671\" data-lbwps-height=\"759\" data-lbwps-srcsmall=\"https:\/\/www.cartaecartiere.com\/wp-content\/uploads\/2024\/11\/CC-IMMAGINI-14-265x300.jpg\"><img loading=\"lazy\" decoding=\"async\" width=\"671\" height=\"759\" src=\"https:\/\/www.cartaecartiere.com\/wp-content\/uploads\/2024\/11\/CC-IMMAGINI-14.jpg\" alt=\"Attilio Punzo, Direzione\nriconoscimento incentivi e titoli GSE.\" class=\"wp-image-7581\" style=\"width:350px\" srcset=\"https:\/\/www.cartaecartiere.com\/wp-content\/uploads\/2024\/11\/CC-IMMAGINI-14.jpg 671w, https:\/\/www.cartaecartiere.com\/wp-content\/uploads\/2024\/11\/CC-IMMAGINI-14-265x300.jpg 265w, https:\/\/www.cartaecartiere.com\/wp-content\/uploads\/2024\/11\/CC-IMMAGINI-14-530x600.jpg 530w\" sizes=\"auto, (max-width: 671px) 100vw, 671px\" \/><\/a><figcaption class=\"wp-element-caption\">Attilio Punzo, Direzione riconoscimento incentivi e titoli GSE.<\/figcaption><\/figure>\n\n\n\n<p>Per lavorare al meglio sulla decarbonizzazione Assocarta e GSE, nel maggio 2024, hanno siglato un accordo per agevolare il processo di decarbonizzazione della filiera cartaria italiana e garantire al comparto strumenti rivolti a incrementare l\u2019utilizzo delle FER, della condivisione dell\u2019energia e dell\u2019efficienza energetica nei processi produttivi. <\/p>\n\n\n\n<p>Grazie al protocollo, le aziende aderenti all\u2019associazione potranno confrontarsi con i tecnici del GSE sulle opportunit\u00e0 derivanti dagli incentivi per l\u2019efficienza energetica e per le rinnovabili e sull\u2019implementazione di interventi di efficientamento energetico. Il protocollo d\u2019intesa rientra in una serie di accordi che il GSE sta portando avanti con i settori industriali italiani particolarmente energivori. <\/p>\n\n\n\n<p>Nel settore cartario il fabbisogno di energia elettrica e termica riveste un ruolo determinante nella gestione e mantenimento della competitivit\u00e0 dei processi produttivi. GSE supporta il settore, che ha sempre prestato la massima attenzione all\u2019efficienza dei processi sotto il profilo energetico, con l\u2019erogazione di incentivi sia lato produzione, attraverso la cogenerazione, sia lato utilizzo con progetti di efficienza energetica. <\/p>\n\n\n<div class=\"cecAdv-banner-wrap\">\n\t<div class=\"cecAdv\"  data-advshow=\"advframe-7555\">\n\t\t<a href=\"https:\/\/www.kairossrl.com\/\" target=\"_blank\">\n\t\t\t<img decoding=\"async\" src=\"https:\/\/www.cartaecartiere.com\/wp-content\/uploads\/2024\/12\/202406-kairos.jpg\" no-lazy\/>\n\t\t<\/a>\n\t<\/div>\n<\/div>\n\n\n\n<p>GSE e Assocarta, saranno impegnate nell\u2019individuazione di progetti sperimentali rivolti ai processi del comparto della carta, con lo scopo di far emergere soluzioni tecnologicamente avanzate, anche sostenute da incentivi pubblici, utilizzabili per la diffusione delle best practice, tra cui l\u2019utilizzo dell\u2019idrogeno verde, del bioidrogeno e il supporto del processo di elettrificazione. <\/p>\n\n\n\n<p>Con la firma dell\u2019accordo saranno inoltre promosse le configurazioni di autoconsumo per la condivisione dell\u2019energia rinnovabile e l\u2019implementazione di tecnologie innovative e sostenibili con lo scopo di ridurre le emissioni e, al contempo, aumentare la competitivit\u00e0 delle aziende italiane della filiera. <\/p>\n\n\n\n<p class=\"has-blu-c-c-color has-text-color has-link-color has-h-3-font-size wp-elements-d6f1e908a9e053ed155601833dc0eb92\">Programmare un percorso di decarbonizzazione condiviso<\/p>\n\n\n\n<p><strong>Tiziano Pieretti, Vice Presidente Confindustria Toscana Nord<\/strong><\/p>\n\n\n\n<p>Il Distretto Cartario toscano \u00e8 il pi\u00f9 importante a livello europeo ed \u00e8 in grado di competere sui mercati internazionali proprio grazie agli enormi sforzi fatti nel tempo sul piano dell\u2019efficienza energetica e della decarbonizzazione. Sono oltre 330 le imprese attive, con pi\u00f9 di 10.800 addetti, quasi 6 miliardi di fatturato e circa 2 miliardi di export. Senza contare i numeri dell\u2019indotto e dell\u2019impatto sui territori che le produzioni cartarie garantiscono. <\/p>\n\n\n\n<p>Le imprese del Distretto Cartario hanno nel proprio Dna la volont\u00e0 di decarbonizzare, di rispettare le norme e l\u2019ambiente. Il nostro \u00e8 un settore che per la sua struttura produttiva richiede un continuo ammodernamento dei processi, specialmente nella fase di transizione ambientale che stiamo vivendo, e dunque di programmazione. <\/p>\n\n\n\n<figure class=\"wp-block-image alignleft size-full is-resized\"><a href=\"https:\/\/www.cartaecartiere.com\/wp-content\/uploads\/2024\/11\/CC-IMMAGINI-15.jpg\" data-lbwps-width=\"672\" data-lbwps-height=\"759\" data-lbwps-srcsmall=\"https:\/\/www.cartaecartiere.com\/wp-content\/uploads\/2024\/11\/CC-IMMAGINI-15-266x300.jpg\"><img loading=\"lazy\" decoding=\"async\" width=\"672\" height=\"759\" src=\"https:\/\/www.cartaecartiere.com\/wp-content\/uploads\/2024\/11\/CC-IMMAGINI-15.jpg\" alt=\"\" class=\"wp-image-7583\" style=\"width:350px\" srcset=\"https:\/\/www.cartaecartiere.com\/wp-content\/uploads\/2024\/11\/CC-IMMAGINI-15.jpg 672w, https:\/\/www.cartaecartiere.com\/wp-content\/uploads\/2024\/11\/CC-IMMAGINI-15-266x300.jpg 266w, https:\/\/www.cartaecartiere.com\/wp-content\/uploads\/2024\/11\/CC-IMMAGINI-15-531x600.jpg 531w\" sizes=\"auto, (max-width: 672px) 100vw, 672px\" \/><\/a><figcaption class=\"wp-element-caption\">Tiziano Pieretti, Vice Presidente di Confindustria Toscana Nord.<\/figcaption><\/figure>\n\n\n\n<p>I grandi investimenti portati avanti all\u2019interno degli stabilimenti, fatti con lungimiranza dai nostri imprenditori gi\u00e0 da molti anni, ci hanno permesso di superare la crisi nonostante ancora oggi si paghi il pi\u00f9 alto costo dell\u2019energia a livello europeo. Per continuare per\u00f2 in questo percorso virtuoso dobbiamo poter contare su un rinnovato supporto degli enti pubblici, con cui dovremo discutere sempre pi\u00f9 di idee, progetti, autorizzazioni e che vorremmo vedere come nostro primario partner in questa sfida. <\/p>\n\n\n\n<p>Se infatti fino a ieri abbiamo lavorato all\u2019interno delle nostre pertinenze, oggi la sfida \u00e8 quella di poter accedere ad aree e risorse che per i numeri in gioco, decisi a Bruxelles, ci proiettano in una dimensione nuova, sicuramente pi\u00f9 sistemica. Il caso del geotermico \u00e8 emblematico: discutere una proroga ai concessionari uscenti non \u00e8 impossibile, ma deve essere fatto anche con l\u2019obiettivo di andare incontro alle esigenze di energia decarbonizzata delle imprese che operano sul territorio.<\/p>\n\n\n\n<p>Ad esempio prevedendo un contingente di produzione destinata a contratti di lungo periodo, proprio con quelle categorie maggiormente esposte alla competizione internazionale e agli obblighi di decarbonizazzione. <\/p>\n\n\n\n<figure class=\"wp-block-image size-large\"><a href=\"https:\/\/www.cartaecartiere.com\/wp-content\/uploads\/2024\/11\/CC-IMMAGINI-17.jpg\" data-lbwps-width=\"2137\" data-lbwps-height=\"1509\" data-lbwps-srcsmall=\"https:\/\/www.cartaecartiere.com\/wp-content\/uploads\/2024\/11\/CC-IMMAGINI-17-300x212.jpg\"><img loading=\"lazy\" decoding=\"async\" width=\"1024\" height=\"723\" src=\"https:\/\/www.cartaecartiere.com\/wp-content\/uploads\/2024\/11\/CC-IMMAGINI-17-1024x723.jpg\" alt=\"Il pubblico dei partecipanti al\nConvegno di apertura.\nANDRITZ \u00e8 sponsor della sala\nConvegni di MIAC 2024.\" class=\"wp-image-7587\" srcset=\"https:\/\/www.cartaecartiere.com\/wp-content\/uploads\/2024\/11\/CC-IMMAGINI-17-1024x723.jpg 1024w, https:\/\/www.cartaecartiere.com\/wp-content\/uploads\/2024\/11\/CC-IMMAGINI-17-300x212.jpg 300w, https:\/\/www.cartaecartiere.com\/wp-content\/uploads\/2024\/11\/CC-IMMAGINI-17-768x542.jpg 768w, https:\/\/www.cartaecartiere.com\/wp-content\/uploads\/2024\/11\/CC-IMMAGINI-17-1536x1085.jpg 1536w, https:\/\/www.cartaecartiere.com\/wp-content\/uploads\/2024\/11\/CC-IMMAGINI-17-2048x1446.jpg 2048w, https:\/\/www.cartaecartiere.com\/wp-content\/uploads\/2024\/11\/CC-IMMAGINI-17-600x424.jpg 600w\" sizes=\"auto, (max-width: 1024px) 100vw, 1024px\" \/><\/a><figcaption class=\"wp-element-caption\">Il pubblico dei partecipanti al Convegno di apertura di MIAC 2024.<\/figcaption><\/figure>\n\n\n\n<p>Quella di un geotermico a servizio anche delle imprese \u00e8 ovviamente un\u2019occasione che non possiamo perdere. La Energy Release pu\u00f2 essere un ulteriore strumento formidabile, ma non deve essere trascurata la natura stessa della misura: un prestito di energia che prima o poi dovr\u00e0 essere restituito. Proprio per questo l\u2019esito di questa iniziativa dipende anche da quanto i territori saranno in grado di programmare un ordinato accesso alle aree idonee e alle risorse energetiche decarbonizzate. <\/p>\n\n\n\n<p>Programmare un percorso di decarbonizzazione condiviso ed evitare gli approcci speculativi: solo cos\u00ec potremo tutelare il territorio e garantire un futuro ai nostri distretti &#8211; che rappresentano uno dei tanti fiori all\u2019occhiello della Toscana &#8211; e che ci rappresentano nel mondo. <\/p>\n\n\n\n<p class=\"has-blu-c-c-color has-text-color has-link-color has-h-3-font-size wp-elements-de6e7f3bf249c34dc00127f790d80fc4\">Collaborazione, pianificazione e pragmatismo<\/p>\n\n\n\n<p><strong>Monia Monni, Assessore all\u2019economia, Attivit\u00e0 Produttive, Politiche del Credito e Turismo Regione Toscana<\/strong><\/p>\n\n\n<div class=\"cecAdv-banner-wrap\">\n\t<div class=\"cecAdv\"  data-advshow=\"advframe-7555\">\n\t\t<a href=\"https:\/\/www.overmade.it\/it\/\" target=\"_blank\">\n\t\t\t<img decoding=\"async\" src=\"https:\/\/www.cartaecartiere.com\/wp-content\/uploads\/2024\/12\/202406-overmade.jpg\" no-lazy\/>\n\t\t<\/a>\n\t<\/div>\n<\/div>\n\n\n\n<p>Se da una parte dobbiamo tutelare la competitivit\u00e0 delle imprese, dall\u2019altra dobbiamo tenere conto anche della crisi climatica. Viviamo in un tempo drammatico dove anche in Toscana i fenomeni meteo estremi si susseguono uno dopo l\u2018altro, mettendo in ginocchio comunit\u00e0 e interi distretti produttivi, come \u00e8 avvenuto lo scorso anno nell\u2019area pratese. <\/p>\n\n\n\n<p>C\u2019\u00e8 quindi un tema di sicurezza delle imprese e delle comunit\u00e0 che dobbiamo tenere ben presente. Ma oggi dobbiamo correre perch\u00e8 competitiv\u00e0 e sicurezza sono due temi che si tengono l\u2019uno con l\u2019altro e che hanno a che fare con il presente e non pi\u00f9 soltanto con il futuro del nostro Paese. E dobbiamo correre &#8211; con l\u2019attenzione a non lasciare indietro niente e nessuno &#8211; perch\u00e8 siamo in ritardo e non soltanto perch\u00e8 improvvisamente l\u2019Europa ci dice che dobbiamo ottenere i risultati entro il 2050. <\/p>\n\n\n\n<p>Che siamo fragili dal punto di vista energetico lo sappiamo da molto tempo, fin dagli anni \u201970 quando ci furono le primi crisi petrolifere e il contingentamento delle fonti energetiche. Il mondo della scienza ci ricord\u00f2 che non siamo autosufficienti dal punto di vista energetico e siamo arrivati fino ad oggi con i gassificatori. <\/p>\n\n\n\n<figure class=\"wp-block-image alignleft size-full is-resized\"><a href=\"https:\/\/www.cartaecartiere.com\/wp-content\/uploads\/2024\/11\/CC-IMMAGINI-16.jpg\" data-lbwps-width=\"672\" data-lbwps-height=\"759\" data-lbwps-srcsmall=\"https:\/\/www.cartaecartiere.com\/wp-content\/uploads\/2024\/11\/CC-IMMAGINI-16-266x300.jpg\"><img loading=\"lazy\" decoding=\"async\" width=\"672\" height=\"759\" src=\"https:\/\/www.cartaecartiere.com\/wp-content\/uploads\/2024\/11\/CC-IMMAGINI-16.jpg\" alt=\"\" class=\"wp-image-7585\" style=\"width:350px\" srcset=\"https:\/\/www.cartaecartiere.com\/wp-content\/uploads\/2024\/11\/CC-IMMAGINI-16.jpg 672w, https:\/\/www.cartaecartiere.com\/wp-content\/uploads\/2024\/11\/CC-IMMAGINI-16-266x300.jpg 266w, https:\/\/www.cartaecartiere.com\/wp-content\/uploads\/2024\/11\/CC-IMMAGINI-16-531x600.jpg 531w\" sizes=\"auto, (max-width: 672px) 100vw, 672px\" \/><\/a><figcaption class=\"wp-element-caption\">Monia Monni, Assessore all\u2019economia, attivit\u00e0 produttive, politiche del credito e turismo della Regione Toscana.<\/figcaption><\/figure>\n\n\n\n<p>Abbiamo dovuto installare a Piombino una nave gasiera, che era un sacrificio necessario, ma anche la certificazione di un fallimento: se dopo tutti questi decenni dobbiamo prendere ancora tempo perch\u00e8 si \u00e8 fatto poco o niente significa che abbiamo fallito. E oggi dobbiamo correre per far si che la transizione energetica sia un\u2019opportunit\u00e0 e uno strumento di maggiore competitivit\u00e0 non soltanto per chi se lo pu\u00f2 permettere. <\/p>\n\n\n\n<p>Collaborazione, pianificazione e pragmatismo sono le parole chiave per agire nel percorso da compiere per affrontare la sfida che abbiamo di fronte. L\u2019industria cartaria \u00e8 un settore energivoro e dobbiamo sfruttare tutte le tecnologie disponibili per fare in modo che l\u2019economia circolare entri a far parte degli standard del mondo produttivo. Se \u00e8 vero che l\u2019Europa ci chiede un piano di decarbonizzazione molto sfidante, abbiamo le condizioni per centrare l\u2019obiettivo se attiviamo la collaborazione tra i diversi soggetti &#8211; imprese, associazioni di categoria, sindacati, associazioni ambientaliste ed enti locali &#8211; verso un percorso pianificato e condiviso in maniera strutturale.<\/p>\n\n\n<style>\n\t#block_2798e193d8ef593d9c0c074f2250196f{\n\t\tbackground-color: #d1eafa;\n\t\tcolor:  \t}\n\n\t#block_2798e193d8ef593d9c0c074f2250196f h1,\n\t#block_2798e193d8ef593d9c0c074f2250196f h2,\n\t#block_2798e193d8ef593d9c0c074f2250196f h3,\n\t#block_2798e193d8ef593d9c0c074f2250196f h4,\n\t#block_2798e193d8ef593d9c0c074f2250196f h5,\n\t#block_2798e193d8ef593d9c0c074f2250196f h6{\n\t\tcolor:  \t}\n<\/style>\n<div class=\"clearfix cec-box-informativo p-3\" id=\"block_2798e193d8ef593d9c0c074f2250196f\" style=\"\">\n\t<div class=\"acf-innerblocks-container\">\n\n<h2 class=\"wp-block-heading\">I DATI DEL DISTRETTO CARTARIO ITALIANO<\/h2>\n\n\n\n<p>La quota maggiore della produzione del Distretto Cartario \u00e8 rappresentata dalla carta tissue. Vi \u00e8 inoltre una significativa produzione di carta per cartone ondulato, sia in fogli che in scatole, oltre ai macchinari per l\u2019industria della carta e del cartone. In totale, le imprese del settore sono 332, con 10.857 occupati e un fatturato di 5.900 milioni di euro. Inoltre, l\u2019export ammonta a 2.012 milioni di euro. <\/p>\n\n\n\n<p>Di queste imprese, 235 sono attive nella produzione di carta e cartotecnica, la cui produzione industriale ha registrato +3,6% tra gennaio e giugno 2024. Le esportazioni invece sono in diminuzione, a causa dell\u2019aumento dei costi energetici, aggravato dalle tensioni geopolitiche e dai conflitti armati in corso in diverse parti del mondo. Facendo riferimento alle macchine per l\u2019industria cartaria, nei territori di Lucca e Pistoia operano 97 imprese la cui produzione industriale ha segnato un -0,2% tra gennaio e giugno 2024. Tuttavia, le esportazioni hanno registrato un significativo aumento del 32,3%, compensando ampiamente il calo dell\u2019anno precedente.<\/p>\n\n<\/div>\n<\/div>\n","protected":false},"excerpt":{"rendered":"<p>Corridoi affollati e stand tutti occupati nei Padiglioni della fiera MIAC di Lucca: la Mostra Internazionale dell\u2019Industria Cartaria &#8211; giunta alla trentesima edizione &#8211; ha riaffermato il suo ruolo di rassegna fieristica ai primi posti nel settore dei macchinari e delle attrezzature utilizzate nell\u2019industria cartaria per la produzione e la trasformazione. Una rassegna di respiro &hellip; <a href=\"https:\/\/www.cartaecartiere.com\/en\/il-miac-taglia-il-nastro-della-trentesima-edizione\/\">Continued<\/a><\/p>\n","protected":false},"author":2,"featured_media":7593,"comment_status":"closed","ping_status":"closed","sticky":false,"template":"","format":"standard","meta":{"_acf_changed":false,"inline_featured_image":false,"footnotes":""},"categories":[155],"tags":[128],"class_list":["post-7555","post","type-post","status-publish","format-standard","has-post-thumbnail","hentry","category-novembre-dicembre-2024","tag-miac"],"acf":[],"_links":{"self":[{"href":"https:\/\/www.cartaecartiere.com\/en\/wp-json\/wp\/v2\/posts\/7555","targetHints":{"allow":["GET"]}}],"collection":[{"href":"https:\/\/www.cartaecartiere.com\/en\/wp-json\/wp\/v2\/posts"}],"about":[{"href":"https:\/\/www.cartaecartiere.com\/en\/wp-json\/wp\/v2\/types\/post"}],"author":[{"embeddable":true,"href":"https:\/\/www.cartaecartiere.com\/en\/wp-json\/wp\/v2\/users\/2"}],"replies":[{"embeddable":true,"href":"https:\/\/www.cartaecartiere.com\/en\/wp-json\/wp\/v2\/comments?post=7555"}],"version-history":[{"count":21,"href":"https:\/\/www.cartaecartiere.com\/en\/wp-json\/wp\/v2\/posts\/7555\/revisions"}],"predecessor-version":[{"id":8291,"href":"https:\/\/www.cartaecartiere.com\/en\/wp-json\/wp\/v2\/posts\/7555\/revisions\/8291"}],"wp:featuredmedia":[{"embeddable":true,"href":"https:\/\/www.cartaecartiere.com\/en\/wp-json\/wp\/v2\/media\/7593"}],"wp:attachment":[{"href":"https:\/\/www.cartaecartiere.com\/en\/wp-json\/wp\/v2\/media?parent=7555"}],"wp:term":[{"taxonomy":"category","embeddable":true,"href":"https:\/\/www.cartaecartiere.com\/en\/wp-json\/wp\/v2\/categories?post=7555"},{"taxonomy":"post_tag","embeddable":true,"href":"https:\/\/www.cartaecartiere.com\/en\/wp-json\/wp\/v2\/tags?post=7555"}],"curies":[{"name":"wp","href":"https:\/\/api.w.org\/{rel}","templated":true}]}}