{"id":7613,"date":"2024-12-08T10:54:06","date_gmt":"2024-12-08T09:54:06","guid":{"rendered":"https:\/\/www.cartaecartiere.com\/?p=7613"},"modified":"2024-12-09T16:48:31","modified_gmt":"2024-12-09T15:48:31","slug":"eroi-dimenticati","status":"publish","type":"post","link":"https:\/\/www.cartaecartiere.com\/en\/eroi-dimenticati\/","title":{"rendered":"Eroi dimenticati"},"content":{"rendered":"\n<p class=\"has-drop-cap\">La produzione di tissue \u00e8 un settore in cui l\u2019industria cartaria italiana \u00e8 rinomata per le sue innovazioni. Un esempio ben noto \u00e8 Lucart, fondata dai fratelli Pasquini nel 1953 come Cartiera Lucchese. In tempi pi\u00f9 recenti, Lucart si \u00e8 espansa in gran parte dell\u2019Europa, mantenendo allo stesso tempo una solida base in Italia, dove gestisce diversi stabilimenti che producono carta tissue, tessuto non tessuto e carta da imballaggio. Uno di questi stabilimenti \u00e8 quello di Diecimo, vicino a Lucca, che opera con tre macchine continue e produce 100.000 tonnellate all\u2019anno di tissue, che il gruppo converte in carta igienica, asciugatutto, tovaglioli, fazzoletti e asciugamani. <\/p>\n\n\n\n<p>La cartiera \u00e8 un fiore all\u2019occhiello di Lucart e ha fatto parlare di s\u00e9, tra l\u2019altro, per l\u2019innovazione. Ad esempio, Diecimo ricicla i cartoni per bevande del tipo Tetra Pak\u00ae trasformandoli in nuova carta, dispenser per prodotti igienici e pallet di plastica. <\/p>\n\n\n\n<p>Il Direttore tecnico dell\u2019azienda, <strong>Maurizio Giordano<\/strong>, sottolinea che \u201csolo tre stabilimenti di carta tissue in Europa possono farlo, e Lucart ne gestisce due\u201d. La cartiera sta investendo anche in energia solare, che presto dovrebbe fornire circa il 7% del suo fabbisogno energetico. \u00c8 ovvio che Lucart dedichi tempo, attenzione, denaro e sforzi alla tecnologia di alto profilo. <\/p>\n\n\n\n<figure class=\"wp-block-image alignleft size-full is-resized\"><a href=\"https:\/\/www.cartaecartiere.com\/wp-content\/uploads\/2024\/12\/CC-IMMAGINI-19.jpg\" data-lbwps-width=\"670\" data-lbwps-height=\"1009\" data-lbwps-srcsmall=\"https:\/\/www.cartaecartiere.com\/wp-content\/uploads\/2024\/12\/CC-IMMAGINI-19-199x300.jpg\"><img loading=\"lazy\" decoding=\"async\" width=\"670\" height=\"1009\" src=\"https:\/\/www.cartaecartiere.com\/wp-content\/uploads\/2024\/12\/CC-IMMAGINI-19.jpg\" alt=\"Maurizio Giordano, Direttore\ntecnico Lucart Diecimo.\" class=\"wp-image-7620\" style=\"width:350px\" srcset=\"https:\/\/www.cartaecartiere.com\/wp-content\/uploads\/2024\/12\/CC-IMMAGINI-19.jpg 670w, https:\/\/www.cartaecartiere.com\/wp-content\/uploads\/2024\/12\/CC-IMMAGINI-19-199x300.jpg 199w, https:\/\/www.cartaecartiere.com\/wp-content\/uploads\/2024\/12\/CC-IMMAGINI-19-398x600.jpg 398w\" sizes=\"auto, (max-width: 670px) 100vw, 670px\" \/><\/a><figcaption class=\"wp-element-caption\">Maurizio Giordano, Direttore tecnico di Lucart Diecimo.<\/figcaption><\/figure>\n\n\n\n<p>Ovviamente tutte le cartiere &#8211; anche quelle che fanno notizia &#8211; devono dedicarsi comunque a cose basilari. E una delle aree meno affascinanti della cartiera \u00e8 l\u2019impianto per il trattamento dei fanghi nel sistema di scarico. Non \u00e8 insolito che uno stabilimento lasci funzionare le attrezzature per il trattamento dei fanghi per molti anni, con una manutenzione minima. <\/p>\n\n\n\n<p>Come osserva <strong>Franco Pichler, Global Product Manager Screw Press Service di ANDRITZ<\/strong>, quasi tutte le cartiere hanno una cosa in comune: \u201cQuando una parte della cartiera non crea problemi, nessuno le presta molta attenzione\u201d. <\/p>\n\n\n\n<p>\u00c8 quello che \u00e8 successo a Diecimo, dopo l\u2019installazione della pressa a vite per fanghi nel 1995. Quando ANDRITZ l\u2019ha ristrutturata nell\u2019ottobre 2023, aveva quasi 30 anni e in tutto questo tempo \u201cabbiamo effettuato la manutenzione solo due volte, solo per assicurarci che continuasse a funzionare in modo sicuro\u201d &#8211; spiega Maurizio Giordano. <\/p>\n\n\n\n<p class=\"has-rosso-c-c-color has-text-color has-link-color has-h-3-font-size wp-elements-1c5d523e432de1412febf76ddb5293f7\">\u00c8 ora di agire<\/p>\n\n\n\n<p>Alla fine, per\u00f2, si \u00e8 resa necessaria una manutenzione pi\u00f9 ampia e completa. Come spiega Riccardo Chiesa, Responsabile dell\u2019impianto di trattamento degli scarichi di Diecimo: \u201cAbbiamo notato che un cestello presentava una grossa perdita nell\u2019area ad alta pressione della pressa a vite e, dopo averlo smontato, abbiamo scoperto che la vite era estremamente usurata e che un lato del cassone presentava una grossa fessura, che perdeva molto. Cos\u00ec abbiamo deciso di ripararlo\u201d. <\/p>\n\n\n\n<p>Diecimo ha investito in una ristrutturazione completa della pressa a vite per fanghi, per riportarla allo stato dell\u2019arte. Con questa ristrutturazione si \u00e8 eliminato il rischio di guasti a breve termine o la necessit\u00e0 di sostituire completamente l\u2019unit\u00e0 nel prossimo futuro. <\/p>\n\n\n\n<p><strong>Tobias Pr\u00fcgger, Project Supervisor di ANDRITZ<\/strong> spiega: \u201cDiecimo ci ha confermato che ora funziona meglio, e lo possiamo vedere dai valori migliorati delle prestazioni d\u2019esercizio\u201d. Riccardo Chiesa conferma che \u201cla ristrutturazione \u00e8 stata fatta bene e il problema \u00e8 stato risolto con successo\u201d. Maurizio Giordano \u00e8 d\u2019accordo: \u201cSiamo soddisfatti del lavoro svolto da ANDRITZ\u201d. <\/p>\n\n\n\n<p class=\"has-rosso-c-c-color has-text-color has-link-color has-h-3-font-size wp-elements-caf12836ea5182a41e696d778596e120\">Vicini e flessibili<\/p>\n\n\n\n<p>Per Diecimo, un altro requisito principale del progetto era la flessibilit\u00e0. <strong>Erika Sboarina, Responsabile vendite ANDRITZ<\/strong> spiega: \u201cIn questo caso, abbiamo eseguito il servizio in loco, il che significa che non era necessario che la cartiera inviasse la macchina in Austria, e questo ci ha consentito di adattarci ai tempi della cartiera in modo flessibile. <\/p>\n\n\n\n<figure class=\"wp-block-image alignleft size-full is-resized\"><a href=\"https:\/\/www.cartaecartiere.com\/wp-content\/uploads\/2024\/12\/CC-IMMAGINI-20.jpg\" data-lbwps-width=\"670\" data-lbwps-height=\"1009\" data-lbwps-srcsmall=\"https:\/\/www.cartaecartiere.com\/wp-content\/uploads\/2024\/12\/CC-IMMAGINI-20-199x300.jpg\"><img loading=\"lazy\" decoding=\"async\" width=\"670\" height=\"1009\" src=\"https:\/\/www.cartaecartiere.com\/wp-content\/uploads\/2024\/12\/CC-IMMAGINI-20.jpg\" alt=\"Erika Sboarina, Responsabile\nvendite ANDRITZ.\" class=\"wp-image-7622\" style=\"width:350px\" srcset=\"https:\/\/www.cartaecartiere.com\/wp-content\/uploads\/2024\/12\/CC-IMMAGINI-20.jpg 670w, https:\/\/www.cartaecartiere.com\/wp-content\/uploads\/2024\/12\/CC-IMMAGINI-20-199x300.jpg 199w, https:\/\/www.cartaecartiere.com\/wp-content\/uploads\/2024\/12\/CC-IMMAGINI-20-398x600.jpg 398w\" sizes=\"auto, (max-width: 670px) 100vw, 670px\" \/><\/a><figcaption class=\"wp-element-caption\">Erika Sboarina, Responsabile vendite ANDRITZ.<\/figcaption><\/figure>\n\n\n<div class=\"cecAdv-banner-wrap\">\n\t<div class=\"cecAdv\"  data-advshow=\"advframe-7613\">\n\t\t<a href=\"https:\/\/www.variscopumps.com\/?lang=it\" target=\"_blank\">\n\t\t\t<img decoding=\"async\" src=\"https:\/\/www.cartaecartiere.com\/wp-content\/uploads\/2024\/12\/202406-varisco.jpg\" no-lazy\/>\n\t\t<\/a>\n\t<\/div>\n<\/div>\n\n\n\n<p>Sapevamo che la ricostruzione sarebbe durata cinque giorni, ma per un po\u2019 di tempo non abbiamo saputo le date esatte, perch\u00e9 dipendevano dalle condizioni di mercato e di produzione. Alla fine, il progetto \u00e8 stato concordato e definito in agosto e consegnato in ottobre\u201d. <\/p>\n\n\n\n<p>Ci\u00f2 significa che Diecimo ha potuto far eseguire il lavoro durante i tempi di inattivit\u00e0 annuali previsti e &#8211; come osserva Riccardo Chiesa &#8211; \u201cin questo modo siamo riusciti a evitare qualsiasi perdita di produzione\u201d. Erika Sboarina afferma: \u201cQuesto \u00e8 un tipico esempio di come ANDRITZ lavori in modo flessibile. Possiamo muoverci rapidamente, quando la cartiera ne ha bisogno, inviando solo uno o due esperti o un intero team\u201d. <\/p>\n\n\n\n<p>Maurizio Giordano di Lucart conferma: \u201cConosco Erika da molti anni. \u00c8 un ingegnere sempre disponibile per consulenze su qualsiasi aspetto della nostra attivit\u00e0. \u00c8 una persona su cui possiamo contare\u201d. Riccardo Chiesa aggiunge: \u201cLavoriamo bene con ANDRITZ. Oltre alla loro indubbia professionalit\u00e0, sono sempre disponibili quando ne abbiamo bisogno\u201d. <\/p>\n\n\n\n<p>Questo non solo perch\u00e9 ANDRITZ ha la sua sede centrale nel paese confinante con l\u2019Italia, l\u2019Austria, ma in Italia stessa ha pi\u00f9 di una dozzina di esperti solo per la cellulosa e la carta. L\u2019Italia \u00e8 anche la sede delle aziende tecnologiche per il settore cartario, ANDRITZ Novimpianti e ANDRITZ Bonetti e c\u2019\u00e8 una rappresentanza di ANDRITZ Fabrics and Rolls. <\/p>\n\n\n\n<figure class=\"wp-block-image size-large\"><img loading=\"lazy\" decoding=\"async\" width=\"1024\" height=\"774\" src=\"https:\/\/www.cartaecartiere.com\/wp-content\/uploads\/2024\/12\/CC-IMMAGINI-21-1024x774.jpg\" alt=\"Lucart gestisce due dei tre\nsoli stabilimenti di tissue in\nEuropa che riciclano i cartoni\nper bevande Tetra Pak\u00ae in\ncarta tissue e altri prodotti.\" class=\"wp-image-7614\" srcset=\"https:\/\/www.cartaecartiere.com\/wp-content\/uploads\/2024\/12\/CC-IMMAGINI-21-1024x774.jpg 1024w, https:\/\/www.cartaecartiere.com\/wp-content\/uploads\/2024\/12\/CC-IMMAGINI-21-300x227.jpg 300w, https:\/\/www.cartaecartiere.com\/wp-content\/uploads\/2024\/12\/CC-IMMAGINI-21-768x580.jpg 768w, https:\/\/www.cartaecartiere.com\/wp-content\/uploads\/2024\/12\/CC-IMMAGINI-21-600x453.jpg 600w, https:\/\/www.cartaecartiere.com\/wp-content\/uploads\/2024\/12\/CC-IMMAGINI-21.jpg 1403w\" sizes=\"auto, (max-width: 1024px) 100vw, 1024px\" \/><figcaption class=\"wp-element-caption\">Lucart gestisce due dei tre soli stabilimenti di tissue in Europa che riciclano i cartoni per bevande Tetra Pak\u00ae in carta tissue e altri prodotti.<\/figcaption><\/figure>\n\n\n\n<figure class=\"wp-block-image alignright size-full is-resized\"><a href=\"https:\/\/www.cartaecartiere.com\/wp-content\/uploads\/2024\/12\/CC-IMMAGINI-22.jpg\" data-lbwps-width=\"581\" data-lbwps-height=\"777\" data-lbwps-srcsmall=\"https:\/\/www.cartaecartiere.com\/wp-content\/uploads\/2024\/12\/CC-IMMAGINI-22-224x300.jpg\"><img loading=\"lazy\" decoding=\"async\" width=\"581\" height=\"777\" src=\"https:\/\/www.cartaecartiere.com\/wp-content\/uploads\/2024\/12\/CC-IMMAGINI-22.jpg\" alt=\"\" class=\"wp-image-7616\" style=\"width:300px\" srcset=\"https:\/\/www.cartaecartiere.com\/wp-content\/uploads\/2024\/12\/CC-IMMAGINI-22.jpg 581w, https:\/\/www.cartaecartiere.com\/wp-content\/uploads\/2024\/12\/CC-IMMAGINI-22-224x300.jpg 224w, https:\/\/www.cartaecartiere.com\/wp-content\/uploads\/2024\/12\/CC-IMMAGINI-22-449x600.jpg 449w\" sizes=\"auto, (max-width: 581px) 100vw, 581px\" \/><\/a><figcaption class=\"wp-element-caption\">Erika Sboarina insieme a Riccardo Chiesa, Responsabile dell\u2019impianto di trattamento degli scarichi di Lucart Diecimo.<\/figcaption><\/figure>\n\n\n\n<p>Una cosa tira l\u2019altra A Diecimo sembra che questo progetto della pressa a vite per fanghi relativamente piccolo possa dare il via a nuove collaborazioni. Riccardo Chiesa sottolinea che \u201cabbiamo gi\u00e0 lavorato insieme ad altri progetti di ottimizzazione\u201d. <\/p>\n\n\n\n<p>Inizialmente si tratta di ugelli per l\u2019acqua della tavola a gravit\u00e0 e di supporti per le raschie; le possibilit\u00e0 future potrebbero includere un sistema METRIS AddIQ RheoScan per misurare la viscosit\u00e0 dei fanghi e forse anche ottimizzare il consumo di flocculanti. In precedenza, Diecimo limitava la consistenza\/secchezza dei fanghi, per evitare di ostruire i fori di disidratazione, ma Franco Pichler di ANDRITZ ha fatto presente che si potrebbe evitare questo aspetto modificando l\u2019albero della vite. In questo modo si potrebbe risparmiare denaro aumentando la consistenza e quindi riducendo il volume dei fanghi da smaltire. <\/p>\n\n\n\n<p>Lucart e ANDRITZ stanno discutendo questa opzione. Maurizio Giordano afferma: \u201cPotrebbe essere una possibilit\u00e0, a seconda della rapidit\u00e0 con cui sar\u00e0 possibile ripagare i costi (dei flocculanti e dell\u2019ottimizzazione dell\u2019albero della vite), sotto forma di volumi di fango inferiori. Potrebbe essere un buon miglioramento\u201d. <\/p>\n\n\n<style>\n\t#block_a1f24b7ab2b831a84a1df55793e54a28{\n\t\tbackground-color: #f6ad71;\n\t\tcolor:  \t}\n\n\t#block_a1f24b7ab2b831a84a1df55793e54a28 h1,\n\t#block_a1f24b7ab2b831a84a1df55793e54a28 h2,\n\t#block_a1f24b7ab2b831a84a1df55793e54a28 h3,\n\t#block_a1f24b7ab2b831a84a1df55793e54a28 h4,\n\t#block_a1f24b7ab2b831a84a1df55793e54a28 h5,\n\t#block_a1f24b7ab2b831a84a1df55793e54a28 h6{\n\t\tcolor:  \t}\n<\/style>\n<div class=\"clearfix cec-box-informativo p-3\" id=\"block_a1f24b7ab2b831a84a1df55793e54a28\" style=\"\">\n\t<div class=\"acf-innerblocks-container\">\n\n<h2 class=\"wp-block-heading\">PROGETTO PRESSA A VITE PER FANGHI LUCART DIECIMO REALIZZATO DA ANDRITZ<\/h2>\n\n\n\n<ul class=\"wp-block-list\">\n<li>Ristrutturazione della pressa a vite per fanghi ANDRITZ SCS1408. <\/li>\n\n\n\n<li>Nuovi segmenti di usura. <\/li>\n\n\n\n<li>Nuove piastre del vaglio ad alta pressione. <\/li>\n\n\n\n<li>Nuovo albero del vaglio. <\/li>\n\n\n\n<li>Nuove piastre terminali. <\/li>\n\n\n\n<li>Nuovo corpo piastre.<\/li>\n\n\n\n<li>Due nuove alette (una installata, una di riserva).<\/li>\n<\/ul>\n\n<\/div>\n<\/div>\n","protected":false},"excerpt":{"rendered":"<p>La produzione di tissue \u00e8 un settore in cui l\u2019industria cartaria italiana \u00e8 rinomata per le sue innovazioni. Un esempio ben noto \u00e8 Lucart, fondata dai fratelli Pasquini nel 1953 come Cartiera Lucchese. In tempi pi\u00f9 recenti, Lucart si \u00e8 espansa in gran parte dell\u2019Europa, mantenendo allo stesso tempo una solida base in Italia, dove &hellip; <a href=\"https:\/\/www.cartaecartiere.com\/en\/eroi-dimenticati\/\">Continued<\/a><\/p>\n","protected":false},"author":2,"featured_media":7624,"comment_status":"closed","ping_status":"closed","sticky":false,"template":"","format":"standard","meta":{"_acf_changed":false,"inline_featured_image":false,"footnotes":""},"categories":[155],"tags":[29],"class_list":["post-7613","post","type-post","status-publish","format-standard","has-post-thumbnail","hentry","category-novembre-dicembre-2024","tag-in-cartiera"],"acf":[],"_links":{"self":[{"href":"https:\/\/www.cartaecartiere.com\/en\/wp-json\/wp\/v2\/posts\/7613","targetHints":{"allow":["GET"]}}],"collection":[{"href":"https:\/\/www.cartaecartiere.com\/en\/wp-json\/wp\/v2\/posts"}],"about":[{"href":"https:\/\/www.cartaecartiere.com\/en\/wp-json\/wp\/v2\/types\/post"}],"author":[{"embeddable":true,"href":"https:\/\/www.cartaecartiere.com\/en\/wp-json\/wp\/v2\/users\/2"}],"replies":[{"embeddable":true,"href":"https:\/\/www.cartaecartiere.com\/en\/wp-json\/wp\/v2\/comments?post=7613"}],"version-history":[{"count":9,"href":"https:\/\/www.cartaecartiere.com\/en\/wp-json\/wp\/v2\/posts\/7613\/revisions"}],"predecessor-version":[{"id":8292,"href":"https:\/\/www.cartaecartiere.com\/en\/wp-json\/wp\/v2\/posts\/7613\/revisions\/8292"}],"wp:featuredmedia":[{"embeddable":true,"href":"https:\/\/www.cartaecartiere.com\/en\/wp-json\/wp\/v2\/media\/7624"}],"wp:attachment":[{"href":"https:\/\/www.cartaecartiere.com\/en\/wp-json\/wp\/v2\/media?parent=7613"}],"wp:term":[{"taxonomy":"category","embeddable":true,"href":"https:\/\/www.cartaecartiere.com\/en\/wp-json\/wp\/v2\/categories?post=7613"},{"taxonomy":"post_tag","embeddable":true,"href":"https:\/\/www.cartaecartiere.com\/en\/wp-json\/wp\/v2\/tags?post=7613"}],"curies":[{"name":"wp","href":"https:\/\/api.w.org\/{rel}","templated":true}]}}