{"id":8333,"date":"2025-02-10T08:31:00","date_gmt":"2025-02-10T07:31:00","guid":{"rendered":"https:\/\/www.cartaecartiere.com\/?p=8333"},"modified":"2025-02-21T13:58:06","modified_gmt":"2025-02-21T12:58:06","slug":"federmacchine-calo-nel-2024-e-ripresa-nel-2025","status":"publish","type":"post","link":"https:\/\/www.cartaecartiere.com\/en\/federmacchine-calo-nel-2024-e-ripresa-nel-2025\/","title":{"rendered":"Federmacchine: calo nel 2024 e ripresa nel 2025"},"content":{"rendered":"\n<p class=\"has-drop-cap\">Nel 2024 l\u2019industria italiana costruttrice di beni strumentali ha registrato un calo generalizzato di tutti i suoi principali indicatori economici, segno della profonda difficolt\u00e0 che il comparto ha attraversato negli ultimi 12 mesi. <\/p>\n\n\n\n<p>Il 2025 dovrebbe essere di differente tenore, ma i risultati saranno decisamente inferiori a quelli registrati nel 2023. Questo \u00e8, in sostanza, quanto emerge dalle rilevazioni effettuate dal <strong>Gruppo Statistiche Federmacchine<\/strong>, la federazione delle imprese costruttrici di beni strumentali. <\/p>\n\n\n\n<p>Secondo le stime, nel 2024 il fatturato dell\u2019industria italiana di settore si fermer\u00e0 a 52.207 milioni di euro, il 7,8% in meno rispetto al 2023. Sul risultato pesano i negativi riscontri raccolti dalle imprese sia sul mercato estero che interno. <\/p>\n\n\n\n<figure class=\"wp-block-image size-large\"><img loading=\"lazy\" decoding=\"async\" width=\"1024\" height=\"727\" src=\"https:\/\/www.cartaecartiere.com\/wp-content\/uploads\/2025\/02\/ARTICOL_Pagina_02_Immagine_0001-1024x727.jpg\" alt=\"\" class=\"wp-image-8336\" srcset=\"https:\/\/www.cartaecartiere.com\/wp-content\/uploads\/2025\/02\/ARTICOL_Pagina_02_Immagine_0001-1024x727.jpg 1024w, https:\/\/www.cartaecartiere.com\/wp-content\/uploads\/2025\/02\/ARTICOL_Pagina_02_Immagine_0001-300x213.jpg 300w, https:\/\/www.cartaecartiere.com\/wp-content\/uploads\/2025\/02\/ARTICOL_Pagina_02_Immagine_0001-768x545.jpg 768w, https:\/\/www.cartaecartiere.com\/wp-content\/uploads\/2025\/02\/ARTICOL_Pagina_02_Immagine_0001-600x426.jpg 600w, https:\/\/www.cartaecartiere.com\/wp-content\/uploads\/2025\/02\/ARTICOL_Pagina_02_Immagine_0001.jpg 1210w\" sizes=\"auto, (max-width: 1024px) 100vw, 1024px\" \/><\/figure>\n\n\n\n<p>L\u2019export dovrebbe calare a 36.213 milioni di euro (-3,9%). In particolare, secondo l\u2019elaborazione del Gruppo Statistiche a partire dai dati Istat, i principali mercati di sbocco del Made in Italy di comparto, nel periodo gennaio-settembre 2024 (ultimo dato disponibile), sono risultati: Stati Uniti (2.460 milioni di euro, +3,8%); Germania (1.850 milioni, -4,1%), Francia (1.213 milioni, &#8211; 1,3%), Cina (806 milioni, -4,7%), Spagna (730 milioni, +2,1%). <\/p>\n\n\n\n<p>Le consegne sul mercato interno si stima scendano a 15.994 milioni di euro (-15,5% rispetto all\u2019anno precedente), penalizzate dalla drastica riduzione del consumo domestico di macchinari, che non andr\u00e0 oltre 25.239 milioni di euro (-17,4%). Il 2025 torner\u00e0 di segno positivo: secondo le previsioni, infatti, il fatturato crescer\u00e0 a 53.255 milioni di euro, per un incremento del 2% rispetto al dato del 2024. L\u2019export risulter\u00e0 sostanzialmente stazionario attestandosi a 36.456 milioni di euro (+0,7%). Le consegne dei costruttori italiani registreranno una crescita del 5% (16.799 milioni di euro), trainate dalla ripresa del consumo domestico che, in virt\u00f9 di un incremento del 4,3%, raggiunger\u00e0 26.327 milioni di euro. <\/p>\n\n\n\n<p><strong>Bruno Bettelli, Presidente di Federmacchine<\/strong>, ha cos\u00ec commentato: \u201cDopo gli anni di grande espansione, l\u2019industria italiana costruttrice di beni strumentali si \u00e8 trovata ultimamente a fare i conti con una condizione di contesto profondamente differente. L\u2019instabilit\u00e0 geopolitica, da un lato, e la debolezza della domanda interna, dall\u2019altro, hanno inciso profondamente sui nostri risultati. Proprio la condizione generalizzata di complessit\u00e0 &#8211; ha continuato Bettelli &#8211; \u00e8 l\u2019elemento che pi\u00f9 ci allarma rispetto al prossimo futuro. Infatti, le imprese italiane del machinery fanno i conti con le difficolt\u00e0 oltreconfine che riguardano paesi vicini e lontani e che, in parte, risentono dei conflitti aperti nelle zone calde del mondo; ma sono costrette anche a ragionare su come rispondere alle criticit\u00e0 del mercato italiano che si dimostra decisamente asfittico. <\/p>\n\n\n\n<figure class=\"wp-block-image alignleft size-full is-resized\"><a href=\"https:\/\/www.cartaecartiere.com\/wp-content\/uploads\/2025\/02\/ARTICOL_Pagina_01_Immagine_0002.jpg\" data-lbwps-width=\"813\" data-lbwps-height=\"807\" data-lbwps-srcsmall=\"https:\/\/www.cartaecartiere.com\/wp-content\/uploads\/2025\/02\/ARTICOL_Pagina_01_Immagine_0002-300x298.jpg\"><img loading=\"lazy\" decoding=\"async\" width=\"813\" height=\"807\" src=\"https:\/\/www.cartaecartiere.com\/wp-content\/uploads\/2025\/02\/ARTICOL_Pagina_01_Immagine_0002.jpg\" alt=\"Bruno Bettelli,\nPresidente di\nFedermacchine.\" class=\"wp-image-8334\" style=\"width:350px\" srcset=\"https:\/\/www.cartaecartiere.com\/wp-content\/uploads\/2025\/02\/ARTICOL_Pagina_01_Immagine_0002.jpg 813w, https:\/\/www.cartaecartiere.com\/wp-content\/uploads\/2025\/02\/ARTICOL_Pagina_01_Immagine_0002-300x298.jpg 300w, https:\/\/www.cartaecartiere.com\/wp-content\/uploads\/2025\/02\/ARTICOL_Pagina_01_Immagine_0002-150x150.jpg 150w, https:\/\/www.cartaecartiere.com\/wp-content\/uploads\/2025\/02\/ARTICOL_Pagina_01_Immagine_0002-768x762.jpg 768w, https:\/\/www.cartaecartiere.com\/wp-content\/uploads\/2025\/02\/ARTICOL_Pagina_01_Immagine_0002-600x596.jpg 600w\" sizes=\"auto, (max-width: 813px) 100vw, 813px\" \/><\/a><figcaption class=\"wp-element-caption\">Bruno Bettelli, Presidente di Federmacchine.<\/figcaption><\/figure>\n\n\n\n<p>Con riferimento all\u2019estero, un comparto come il nostro, che destina ben pi\u00f9 della met\u00e0 del suo fatturato ai mercati stranieri, non pu\u00f2 che essere preoccupato dalla situazione della Germania che in Europa ha sempre fatto da traino all\u2019economia dell\u2019area e che ora \u00e8 incagliata nelle maglie della crisi dell\u2019auto. Stesso discorso per Francia e Polonia. Se poi estendiamo lo sguardo oltre il vecchio continente la situazione non migliora di certo: dopo che la Russia \u00e8 uscita dai nostri radar, la Cina ha notevolmente ridotto l\u2019attivit\u00e0 con i player dell\u2019area Euro. <\/p>\n\n\n\n<p>Unico salvagente restano, al momento, gli USA e il Messico ma l\u2019incognita Trump non pu\u00f2 permetterci di dormire sonni tranquilli. Alla luce di questa situazione, al di l\u00e0 delle iniziative delle singole associazioni su mercati di specifico interesse &#8211; ha proseguito il Presidente di Federmacchine &#8211; \u00e8 evidente la necessit\u00e0 che la federazione lavori per supportare l\u2019attivit\u00e0 di internazionalizzazione dell\u2019industria italiana del comparto. <\/p>\n\n\n\n<p>Risponde a questo obiettivo la seconda edizione di INGENIUM &#8211; lo studio realizzato da Federmacchine in collaborazione con Confindustria &#8211; volto ad analizzare le potenzialit\u00e0 di questo comparto sul mercato internazionale e a misurare (speriamo) l\u2019avanzamento della nostra industria rispetto ai risultati presentati nell\u2019edizione numero 1 effettuata nel 2023. <\/p>\n\n\n\n<p>Quanto all\u2019Italia &#8211; ha concluso Bettelli &#8211; l\u2019auspicio \u00e8 che il perfezionamento di Transizione 5.0, possa effettivamente restituire un po\u2019 di brio alla domanda domestica. L\u2019industria manifatturiera italiana ha necessit\u00e0 di innovare e l\u2019innovazione passa, anzitutto, attraverso gli investimenti in nuovi macchinari di produzione. Per questo \u00e8 fondamentale pensare gi\u00e0 al dopo Transizione 4.0-5.0 che di fatto si concludono con la fine del 2025\u201d. \u2759<\/p>\n\n\n\n<p><\/p>\n","protected":false},"excerpt":{"rendered":"<p>Nel 2024 l\u2019industria italiana costruttrice di beni strumentali ha registrato un calo generalizzato di tutti i suoi principali indicatori economici, segno della profonda difficolt\u00e0 che il comparto ha attraversato negli ultimi 12 mesi. Il 2025 dovrebbe essere di differente tenore, ma i risultati saranno decisamente inferiori a quelli registrati nel 2023. Questo \u00e8, in sostanza, &hellip; <a href=\"https:\/\/www.cartaecartiere.com\/en\/federmacchine-calo-nel-2024-e-ripresa-nel-2025\/\">Continued<\/a><\/p>\n","protected":false},"author":2,"featured_media":8340,"comment_status":"closed","ping_status":"closed","sticky":false,"template":"","format":"standard","meta":{"_acf_changed":false,"inline_featured_image":false,"footnotes":""},"categories":[159],"tags":[62],"class_list":["post-8333","post","type-post","status-publish","format-standard","has-post-thumbnail","hentry","category-gennaio-febbraio-2025","tag-osservatorio-congiunturale"],"acf":[],"_links":{"self":[{"href":"https:\/\/www.cartaecartiere.com\/en\/wp-json\/wp\/v2\/posts\/8333","targetHints":{"allow":["GET"]}}],"collection":[{"href":"https:\/\/www.cartaecartiere.com\/en\/wp-json\/wp\/v2\/posts"}],"about":[{"href":"https:\/\/www.cartaecartiere.com\/en\/wp-json\/wp\/v2\/types\/post"}],"author":[{"embeddable":true,"href":"https:\/\/www.cartaecartiere.com\/en\/wp-json\/wp\/v2\/users\/2"}],"replies":[{"embeddable":true,"href":"https:\/\/www.cartaecartiere.com\/en\/wp-json\/wp\/v2\/comments?post=8333"}],"version-history":[{"count":7,"href":"https:\/\/www.cartaecartiere.com\/en\/wp-json\/wp\/v2\/posts\/8333\/revisions"}],"predecessor-version":[{"id":8756,"href":"https:\/\/www.cartaecartiere.com\/en\/wp-json\/wp\/v2\/posts\/8333\/revisions\/8756"}],"wp:featuredmedia":[{"embeddable":true,"href":"https:\/\/www.cartaecartiere.com\/en\/wp-json\/wp\/v2\/media\/8340"}],"wp:attachment":[{"href":"https:\/\/www.cartaecartiere.com\/en\/wp-json\/wp\/v2\/media?parent=8333"}],"wp:term":[{"taxonomy":"category","embeddable":true,"href":"https:\/\/www.cartaecartiere.com\/en\/wp-json\/wp\/v2\/categories?post=8333"},{"taxonomy":"post_tag","embeddable":true,"href":"https:\/\/www.cartaecartiere.com\/en\/wp-json\/wp\/v2\/tags?post=8333"}],"curies":[{"name":"wp","href":"https:\/\/api.w.org\/{rel}","templated":true}]}}