{"id":8740,"date":"2025-04-07T08:18:19","date_gmt":"2025-04-07T06:18:19","guid":{"rendered":"https:\/\/www.cartaecartiere.com\/?p=8740"},"modified":"2025-04-07T08:18:19","modified_gmt":"2025-04-07T06:18:19","slug":"assocarta-le-industrie-ad-alta-intensita-energetica-necessitano-di-un-sostegno-urgente","status":"publish","type":"post","link":"https:\/\/www.cartaecartiere.com\/en\/assocarta-le-industrie-ad-alta-intensita-energetica-necessitano-di-un-sostegno-urgente\/","title":{"rendered":"Assocarta: le industrie ad alta intensit\u00e0 energetica necessitano di un sostegno urgente"},"content":{"rendered":"\n<p class=\"has-drop-cap\">\u201cLa base industriale dell\u2019Europa \u00e8 centrale per la nostra identit\u00e0 ed essenziale per la nostra competitivit\u00e0. Il nostro continente ha un ricco patrimonio industriale\u201d. <strong>Lorenzo Poli, Presidente di Assocarta<\/strong> commenta cos\u00ec il Clean Industrial Deal, usando le stesse parole con cui inizia il documento. Tale documento &#8211; il cui sottotitolo \u00e8 \u201ca joint roadmap for competitiveness and decarbonization\u201d &#8211; \u00e8 stato presentato il 26 febbraio scorso nel summit industriale di Anversa in cui \u00e8 intervenuta la Presidente della Commissione Europea. <\/p>\n\n\n\n<p>Poli aggiunge che \u201cl\u2019industria italiana \u00e8 in prima linea nel progresso tecnologico. Ha alimentato la crescita economica e sostenuto il nostro modello sociale\u201c. Per questo Poli esprime apprezzamento per il documento europeo che indica due emergenze, il settore delle tecnologie pulite e quello delle industrie ad alta intensit\u00e0 energetica. <\/p>\n\n\n\n<p>Queste ultime necessitano di un sostegno urgente per far fronte agli elevati costi energetici, alla concorrenza globale sleale e alle normative complesse, che danneggiano la loro competitivit\u00e0. Il documento pone l\u2019accento sul prezzo del gas naturale importato che ha un impatto diretto sia sui prezzi del gas che dell\u2019elettricit\u00e0 nell\u2019UE. Poli ne sottolinea l\u2019importanza soprattutto nella parte in cui si evidenzia che per ridurre la volatilit\u00e0 dei prezzi del gas e la speculazione, i mercati devono funzionare correttamente. <\/p>\n\n\n\n<p>\u201cSecondo la UE sono necessari un completo controllo normativo e una cooperazione tra i regolatori energetici e finanziari per prevenire la manipolazione del mercato e colmare eventuali lacune legate alla mancanza di trasparenza, all\u2019asimmetria dell\u2019informazione e al rischio di concentrazione del mercato\u201d &#8211; sottolinea Poli. <\/p>\n\n\n\n<figure class=\"wp-block-image size-large\"><img loading=\"lazy\" decoding=\"async\" width=\"1024\" height=\"742\" src=\"https:\/\/www.cartaecartiere.com\/wp-content\/uploads\/2025\/04\/immaginicec_Pagina_04_Immagine_0001-1024x742.jpg\" alt=\"\" class=\"wp-image-8741\" srcset=\"https:\/\/www.cartaecartiere.com\/wp-content\/uploads\/2025\/04\/immaginicec_Pagina_04_Immagine_0001-1024x742.jpg 1024w, https:\/\/www.cartaecartiere.com\/wp-content\/uploads\/2025\/04\/immaginicec_Pagina_04_Immagine_0001-300x217.jpg 300w, https:\/\/www.cartaecartiere.com\/wp-content\/uploads\/2025\/04\/immaginicec_Pagina_04_Immagine_0001-768x557.jpg 768w, https:\/\/www.cartaecartiere.com\/wp-content\/uploads\/2025\/04\/immaginicec_Pagina_04_Immagine_0001-600x435.jpg 600w, https:\/\/www.cartaecartiere.com\/wp-content\/uploads\/2025\/04\/immaginicec_Pagina_04_Immagine_0001.jpg 1032w\" sizes=\"auto, (max-width: 1024px) 100vw, 1024px\" \/><\/figure>\n\n\n\n<p>Il prezzo del gas \u00e8 in costante crescita da un anno in conseguenza di mercati speculativi. A gennaio 2025 il prezzo medio PSV \u00e8 stato pari a 49,85 \u20ac\/MWh, registrando un ulteriore aumento. Rispetto al gennaio 2024 il prezzo del gas \u00e8 cresciuto quasi del 60%. Le rilevazioni di febbraio 2025 sono in ulteriore aumento, con punte anche superiori a 60 euro\/MWh. \u201cPer questo va superata &#8211; sottolinea Poli &#8211; la rendita legata allo spread PSV\/TTF e definito un meccanismo di gas release per i consumatori maggiormente esposti agli effetti del caro gas, garantendo che la combinazione delle due misure proposte &#8211; il superamento della rendita infra marginale e la gas release &#8211; introducano un intervento deciso a protezione dell\u2019industria nazionale senza pesare sulle bollette degli italiani\u201d. <\/p>\n\n\n\n<p>Secondo <strong>Assocarta <\/strong>\u00e8 essenziale anche quanto la Commissione proporr\u00e0 in materia di bioeconomia e cio\u00e8 una strategia per migliorare l\u2019efficienza delle risorse e sfruttare il significativo potenziale di crescita dei materiali biologici per sostituire i materiali di origine fossile; ci\u00f2 anche per contribuire a ridurre la dipendenza dai materiali fossili importati. <\/p>\n\n\n\n<p>Il Clean Industrial Deal non trascura l\u2019economia circolare che sar\u00e0 anch\u2019essa una priorit\u00e0. Assocarta apprezza quanto riportato nel documento, secondo cui l\u2019economia circolare sar\u00e0 la chiave per massimizzare le risorse limitate dell\u2019UE, ridurre le dipendenze e migliorare la resilienza. \u2759<\/p>\n\n\n\n<p><\/p>\n","protected":false},"excerpt":{"rendered":"<p>\u201cLa base industriale dell\u2019Europa \u00e8 centrale per la nostra identit\u00e0 ed essenziale per la nostra competitivit\u00e0. Il nostro continente ha un ricco patrimonio industriale\u201d. Lorenzo Poli, Presidente di Assocarta commenta cos\u00ec il Clean Industrial Deal, usando le stesse parole con cui inizia il documento. Tale documento &#8211; il cui sottotitolo \u00e8 \u201ca joint roadmap for &hellip; <a href=\"https:\/\/www.cartaecartiere.com\/en\/assocarta-le-industrie-ad-alta-intensita-energetica-necessitano-di-un-sostegno-urgente\/\">Continued<\/a><\/p>\n","protected":false},"author":2,"featured_media":8753,"comment_status":"closed","ping_status":"closed","sticky":false,"template":"","format":"standard","meta":{"_acf_changed":false,"inline_featured_image":false,"footnotes":""},"categories":[162],"tags":[73],"class_list":["post-8740","post","type-post","status-publish","format-standard","has-post-thumbnail","hentry","category-marzo-aprile-2025","tag-energia"],"acf":[],"_links":{"self":[{"href":"https:\/\/www.cartaecartiere.com\/en\/wp-json\/wp\/v2\/posts\/8740","targetHints":{"allow":["GET"]}}],"collection":[{"href":"https:\/\/www.cartaecartiere.com\/en\/wp-json\/wp\/v2\/posts"}],"about":[{"href":"https:\/\/www.cartaecartiere.com\/en\/wp-json\/wp\/v2\/types\/post"}],"author":[{"embeddable":true,"href":"https:\/\/www.cartaecartiere.com\/en\/wp-json\/wp\/v2\/users\/2"}],"replies":[{"embeddable":true,"href":"https:\/\/www.cartaecartiere.com\/en\/wp-json\/wp\/v2\/comments?post=8740"}],"version-history":[{"count":1,"href":"https:\/\/www.cartaecartiere.com\/en\/wp-json\/wp\/v2\/posts\/8740\/revisions"}],"predecessor-version":[{"id":8755,"href":"https:\/\/www.cartaecartiere.com\/en\/wp-json\/wp\/v2\/posts\/8740\/revisions\/8755"}],"wp:featuredmedia":[{"embeddable":true,"href":"https:\/\/www.cartaecartiere.com\/en\/wp-json\/wp\/v2\/media\/8753"}],"wp:attachment":[{"href":"https:\/\/www.cartaecartiere.com\/en\/wp-json\/wp\/v2\/media?parent=8740"}],"wp:term":[{"taxonomy":"category","embeddable":true,"href":"https:\/\/www.cartaecartiere.com\/en\/wp-json\/wp\/v2\/categories?post=8740"},{"taxonomy":"post_tag","embeddable":true,"href":"https:\/\/www.cartaecartiere.com\/en\/wp-json\/wp\/v2\/tags?post=8740"}],"curies":[{"name":"wp","href":"https:\/\/api.w.org\/{rel}","templated":true}]}}