{"id":8801,"date":"2025-04-07T08:17:36","date_gmt":"2025-04-07T06:17:36","guid":{"rendered":"https:\/\/www.cartaecartiere.com\/?p=8801"},"modified":"2025-04-07T08:17:36","modified_gmt":"2025-04-07T06:17:36","slug":"feltri-marone-una-storia-di-innovazione-e-resilienza","status":"publish","type":"post","link":"https:\/\/www.cartaecartiere.com\/en\/feltri-marone-una-storia-di-innovazione-e-resilienza\/","title":{"rendered":"Feltri Marone: una storia di innovazione e resilienza"},"content":{"rendered":"\n<p class=\"has-drop-cap\">Fondata nel 1933, l\u2019azienda ha saputo distinguersi a livello internazionale grazie alla continua innovazione tecnologica, all\u2019attenzione alla qualit\u00e0 e alla costante ricerca di soluzioni all\u2019avanguardia per il settore cartario. Oggi esporta in oltre 58 Paesi, consolidando una presenza globale con un forte radicamento nel territorio italiano. <\/p>\n\n\n\n<p>L\u2019azienda \u00e8 nota per il suo impegno verso la sostenibilit\u00e0 e la qualit\u00e0, certificata dagli standard internazionali ISO 9001. La continua evoluzione tecnologica e l\u2019investimento in Ricerca &amp; Sviluppo hanno permesso a Feltri Marone di rimanere un punto di riferimento nel mercato, offrendo prodotti innovativi e soluzioni su misura per i clienti. <\/p>\n\n\n\n<p class=\"has-pesca-color has-text-color has-link-color has-h-4-font-size wp-elements-2be07a8977960d50c62a7e99dded5363\">L\u2019inaugurazione del nuovo stabilimento<\/p>\n\n\n\n<p>Il 21 settembre 2024 l\u2019azienda ha celebrato un momento storico: l\u2019inaugurazione del nuovo stabilimento, completando un percorso di ricostruzione avviato dopo il devastante incendio del 2019. L\u2019evento ha visto la partecipazione di oltre 300 persone, tra dipendenti, clienti, autorit\u00e0 e partner aziendali, in un\u2019atmosfera di entusiasmo e orgoglio per il traguardo raggiunto. <\/p>\n\n\n\n<figure class=\"wp-block-image alignleft size-large is-resized\"><a href=\"https:\/\/www.cartaecartiere.com\/wp-content\/uploads\/2025\/04\/immaginicec_Pagina_09_Immagine_0002.jpg\" data-lbwps-width=\"1402\" data-lbwps-height=\"809\" data-lbwps-srcsmall=\"https:\/\/www.cartaecartiere.com\/wp-content\/uploads\/2025\/04\/immaginicec_Pagina_09_Immagine_0002-300x173.jpg\"><img loading=\"lazy\" decoding=\"async\" width=\"1024\" height=\"591\" src=\"https:\/\/www.cartaecartiere.com\/wp-content\/uploads\/2025\/04\/immaginicec_Pagina_09_Immagine_0002-1024x591.jpg\" alt=\"\" class=\"wp-image-8804\" style=\"width:350px\" srcset=\"https:\/\/www.cartaecartiere.com\/wp-content\/uploads\/2025\/04\/immaginicec_Pagina_09_Immagine_0002-1024x591.jpg 1024w, https:\/\/www.cartaecartiere.com\/wp-content\/uploads\/2025\/04\/immaginicec_Pagina_09_Immagine_0002-300x173.jpg 300w, https:\/\/www.cartaecartiere.com\/wp-content\/uploads\/2025\/04\/immaginicec_Pagina_09_Immagine_0002-768x443.jpg 768w, https:\/\/www.cartaecartiere.com\/wp-content\/uploads\/2025\/04\/immaginicec_Pagina_09_Immagine_0002-600x346.jpg 600w, https:\/\/www.cartaecartiere.com\/wp-content\/uploads\/2025\/04\/immaginicec_Pagina_09_Immagine_0002.jpg 1402w\" sizes=\"auto, (max-width: 1024px) 100vw, 1024px\" \/><\/a><\/figure>\n\n\n\n<p>L\u2019incendio del 2019 aveva gravemente danneggiato oltre il 60% della struttura produttiva, rendendo necessaria una completa riprogettazione dello stabilimento. Con un investimento di oltre 8 milioni di euro,<strong> Feltri Marone <\/strong>ha ricostruito e ampliato la propria sede, realizzando un impianto moderno, tecnologicamente avanzato e sostenibile. <\/p>\n\n\n\n<p>La nuova struttura si estende su 12.500 metri quadrati e risponde ai pi\u00f9 elevati standard di efficienza energetica e sicurezza antisismica, grazie al progetto curato dallo studio ingegneristico Viola Associates di Palazzolo sull\u2019Oglio. Alla cerimonia di inaugurazione hanno partecipato importanti personalit\u00e0 istituzionali, tra cui il Prefetto di Brescia Andrea Polichetti, il Sindaco di Marone Alessio Rinaldi e il Vicepresidente di Confindustria Brescia Francesco Franceschetti. La benedizione dell\u2019impianto da parte del Vescovo Pier Antonio Tremolada ha conferito un ulteriore valore simbolico all\u2019evento, celebrando non solo la rinascita dell\u2019azienda ma anche la determinazione e la resilienza che hanno guidato questo percorso. <\/p>\n\n\n\n<p class=\"has-pesca-color has-text-color has-link-color has-h-3-font-size wp-elements-80d58478e60da6384f078264fed3b973\">Il futuro di Feltri Marone<\/p>\n\n\n\n<p>La ricostruzione dello stabilimento non segna solo un ritorno alla normalit\u00e0, ma rappresenta un punto di partenza per una nuova fase di crescita e innovazione. In programma c\u2019\u00e8 gi\u00e0 una seconda fase di espansione, che prevede il raddoppio del reparto di tessitura nei prossimi sette anni.<\/p>\n\n\n\n<figure class=\"wp-block-image aligncenter size-large\"><a href=\"https:\/\/www.cartaecartiere.com\/wp-content\/uploads\/2025\/04\/immaginicec_Pagina_10_Immagine_0001.jpg\" data-lbwps-width=\"1403\" data-lbwps-height=\"954\" data-lbwps-srcsmall=\"https:\/\/www.cartaecartiere.com\/wp-content\/uploads\/2025\/04\/immaginicec_Pagina_10_Immagine_0001-300x204.jpg\"><img loading=\"lazy\" decoding=\"async\" width=\"1024\" height=\"696\" src=\"https:\/\/www.cartaecartiere.com\/wp-content\/uploads\/2025\/04\/immaginicec_Pagina_10_Immagine_0001-1024x696.jpg\" alt=\"\" class=\"wp-image-8806\" srcset=\"https:\/\/www.cartaecartiere.com\/wp-content\/uploads\/2025\/04\/immaginicec_Pagina_10_Immagine_0001-1024x696.jpg 1024w, https:\/\/www.cartaecartiere.com\/wp-content\/uploads\/2025\/04\/immaginicec_Pagina_10_Immagine_0001-300x204.jpg 300w, https:\/\/www.cartaecartiere.com\/wp-content\/uploads\/2025\/04\/immaginicec_Pagina_10_Immagine_0001-768x522.jpg 768w, https:\/\/www.cartaecartiere.com\/wp-content\/uploads\/2025\/04\/immaginicec_Pagina_10_Immagine_0001-600x408.jpg 600w, https:\/\/www.cartaecartiere.com\/wp-content\/uploads\/2025\/04\/immaginicec_Pagina_10_Immagine_0001.jpg 1403w\" sizes=\"auto, (max-width: 1024px) 100vw, 1024px\" \/><\/a><\/figure>\n\n\n\n<p>Parallelamente, Feltri Marone ha investito in nuove risorse umane, inserendo giovani professionisti per rafforzare il team tecnico e commerciale e dotando l\u2019azienda di strumenti tecnologici sempre pi\u00f9 avanzati. La struttura attuale si sviluppa su quattro piani, con spazi ottimizzati per la produzione, la logistica e l\u2019innovazione. <\/p>\n\n\n\n<p>Con questa rinnovata energia, l\u2019azienda guarda al futuro con ambizione, pronta a consolidare ulteriormente la propria posizione nel mercato globale e continuare a offrire prodotti di eccellenza al settore cartario. \u2759<\/p>\n","protected":false},"excerpt":{"rendered":"<p>Fondata nel 1933, l\u2019azienda ha saputo distinguersi a livello internazionale grazie alla continua innovazione tecnologica, all\u2019attenzione alla qualit\u00e0 e alla costante ricerca di soluzioni all\u2019avanguardia per il settore cartario. Oggi esporta in oltre 58 Paesi, consolidando una presenza globale con un forte radicamento nel territorio italiano. L\u2019azienda \u00e8 nota per il suo impegno verso la &hellip; <a href=\"https:\/\/www.cartaecartiere.com\/en\/feltri-marone-una-storia-di-innovazione-e-resilienza\/\">Continued<\/a><\/p>\n","protected":false},"author":2,"featured_media":8812,"comment_status":"closed","ping_status":"closed","sticky":false,"template":"","format":"standard","meta":{"_acf_changed":false,"inline_featured_image":false,"footnotes":""},"categories":[162],"tags":[79],"class_list":["post-8801","post","type-post","status-publish","format-standard","has-post-thumbnail","hentry","category-marzo-aprile-2025","tag-aziende"],"acf":[],"_links":{"self":[{"href":"https:\/\/www.cartaecartiere.com\/en\/wp-json\/wp\/v2\/posts\/8801","targetHints":{"allow":["GET"]}}],"collection":[{"href":"https:\/\/www.cartaecartiere.com\/en\/wp-json\/wp\/v2\/posts"}],"about":[{"href":"https:\/\/www.cartaecartiere.com\/en\/wp-json\/wp\/v2\/types\/post"}],"author":[{"embeddable":true,"href":"https:\/\/www.cartaecartiere.com\/en\/wp-json\/wp\/v2\/users\/2"}],"replies":[{"embeddable":true,"href":"https:\/\/www.cartaecartiere.com\/en\/wp-json\/wp\/v2\/comments?post=8801"}],"version-history":[{"count":1,"href":"https:\/\/www.cartaecartiere.com\/en\/wp-json\/wp\/v2\/posts\/8801\/revisions"}],"predecessor-version":[{"id":8818,"href":"https:\/\/www.cartaecartiere.com\/en\/wp-json\/wp\/v2\/posts\/8801\/revisions\/8818"}],"wp:featuredmedia":[{"embeddable":true,"href":"https:\/\/www.cartaecartiere.com\/en\/wp-json\/wp\/v2\/media\/8812"}],"wp:attachment":[{"href":"https:\/\/www.cartaecartiere.com\/en\/wp-json\/wp\/v2\/media?parent=8801"}],"wp:term":[{"taxonomy":"category","embeddable":true,"href":"https:\/\/www.cartaecartiere.com\/en\/wp-json\/wp\/v2\/categories?post=8801"},{"taxonomy":"post_tag","embeddable":true,"href":"https:\/\/www.cartaecartiere.com\/en\/wp-json\/wp\/v2\/tags?post=8801"}],"curies":[{"name":"wp","href":"https:\/\/api.w.org\/{rel}","templated":true}]}}