{"id":9578,"date":"2025-08-30T02:55:08","date_gmt":"2025-08-30T00:55:08","guid":{"rendered":"https:\/\/www.cartaecartiere.com\/?p=9578"},"modified":"2025-09-20T12:35:16","modified_gmt":"2025-09-20T10:35:16","slug":"lucart-un-modello-di-impresa-circolare-e-orientato-al-futuro","status":"publish","type":"post","link":"https:\/\/www.cartaecartiere.com\/en\/lucart-un-modello-di-impresa-circolare-e-orientato-al-futuro\/","title":{"rendered":"Lucart, un modello di impresa circolare e orientato al futuro"},"content":{"rendered":"\n<p class=\"has-drop-cap\">Questa edizione, intitolata \u201cLa nostra visione illumina il futuro\u201d, ha celebrato due decenni di reale impegno su tematiche ambientali, sociali ed economiche, ripercorrendo l\u2019evoluzione di un percorso avviato ben prima che la sostenibilit\u00e0 diventasse una priorit\u00e0 globale. Moderato dalla giornalista e ambientalista <strong>Tessa Gelisio<\/strong>, l\u2019evento ha visto la partecipazione di Francesco Pasquini, Amministratore Delegato di Lucart; Daniela Bernacchi, Executive Director di UN Global Compact Network Italia; Michele Noera, Sustainability and Energy Transition Manager di Lucart; Valentina Polizzi, Regional Program Representative Manager di Save the Children Italia e Ilaria Stellino, Italy Lead For Sustainable Solutions Group di ING Wholesale Banking. Ospite d\u2019eccezione \u00e8 stato l\u2019esploratore <strong>Alex Bellini<\/strong>, che ha condiviso con il pubblico la sua visione del viaggio come relazione tra l\u2019uomo e l\u2019ambiente, offrendo uno spunto di riflessione condivisa sullo stato di salute del nostro pianeta.<\/p>\n\n\n\n<h2 class=\"wp-block-heading has-rosso-c-c-color has-text-color has-link-color wp-elements-49af93a9c048d006cfc87fd9d6d5ad4f\">Nuove risorse e una governance rinnovata per un futuro pi\u00f9 ambizioso<\/h2>\n\n\n\n<p>Il 2024 ha segnato il passaggio dalla seconda alla terza generazione della famiglia Pasquini, con la nomina di Francesco Pasquini ad Amministratore Delegato del Gruppo. La governance si \u00e8 ulteriormente rafforzata grazie all\u2019ingresso del fondo <strong>Azzurra Capital <\/strong>nel capitale della holding. Il gruppo, con sede centrale in Toscana, ha chiuso l\u2019anno con un fatturato pari a 685 milioni di euro, consolidando al contempo la propria leadership europea nella produzione di carta tissue riciclata e prodotti per l\u2019igiene sostenibili. Risultati che hanno confermato la solidit\u00e0 dell\u2019azienda, frutto degli investimenti impiantistici e organizzativi pianificati negli anni precedenti, consentendo di raggiungere un volume d\u2019affari in linea con le aspettative. <\/p>\n\n\n\n<p>\u201cQuesto ventesimo Rapporto &#8211; ha dichiarato <strong>Francesco Pasquini, CEO di Lucart<\/strong> &#8211; non \u00e8 solo una rassegna delle nostre performance, ma una tappa fondamentale in un lungo percorso fatto di coraggio, coerenza e visione. In vent\u2019anni abbiamo costruito un modello industriale innovativo e sostenibile, che coniuga qualit\u00e0, competitivit\u00e0 e attenzione verso l\u2019ambiente e le persone. Oggi, con l\u2019ingresso di Azzurra Capital nel capitale della holding, disponiamo di nuove risorse e di una governance rinnovata che ci consentono di accelerare il nostro sviluppo internazionale, restando fedeli ai nostri valori. Le sfde non mancano, ma siamo pronti ad affrontarle con la forza di chi ha una direzione chiara: creare valore condiviso per tutti i nostri stakeholder\u201d.<\/p>\n\n\n\n<figure class=\"wp-block-image alignleft size-large is-resized\"><a href=\"https:\/\/www.cartaecartiere.com\/wp-content\/uploads\/2025\/07\/NetZero.jpg\" data-lbwps-width=\"1200\" data-lbwps-height=\"906\" data-lbwps-srcsmall=\"https:\/\/www.cartaecartiere.com\/wp-content\/uploads\/2025\/07\/NetZero-300x227.jpg\"><img loading=\"lazy\" decoding=\"async\" width=\"1024\" height=\"773\" src=\"https:\/\/www.cartaecartiere.com\/wp-content\/uploads\/2025\/07\/NetZero-1024x773.jpg\" alt=\"\" class=\"wp-image-9587\" style=\"width:350px\" srcset=\"https:\/\/www.cartaecartiere.com\/wp-content\/uploads\/2025\/07\/NetZero-1024x773.jpg 1024w, https:\/\/www.cartaecartiere.com\/wp-content\/uploads\/2025\/07\/NetZero-300x227.jpg 300w, https:\/\/www.cartaecartiere.com\/wp-content\/uploads\/2025\/07\/NetZero-768x580.jpg 768w, https:\/\/www.cartaecartiere.com\/wp-content\/uploads\/2025\/07\/NetZero-600x453.jpg 600w, https:\/\/www.cartaecartiere.com\/wp-content\/uploads\/2025\/07\/NetZero.jpg 1200w\" sizes=\"auto, (max-width: 1024px) 100vw, 1024px\" \/><\/a><\/figure>\n\n\n\n<h2 class=\"wp-block-heading has-rosso-c-c-color has-text-color has-link-color wp-elements-7b50fb020e2ce3eaf731ecd457ac4d54\">Risultati concreti per il pianeta<\/h2>\n\n\n\n<p>I risultati raggiunti nel 2024 si sono inseriti in un percorso di continuit\u00e0 che da vent\u2019anni guida Lucart nella costruzione di un modello di sviluppo capace di integrare solidit\u00e0 economica, responsabilit\u00e0 ambientale e attenzione sociale. Un cammino coerente e progressivo che dimostra come la sostenibilit\u00e0 sia parte integrante della strategia aziendale e una leva per una crescita solida e duratura. In particolare, l\u2019azienda ha raggiunto in anticipo l\u2019obiettivo del 90% dei rifuti avviati a recupero previsto per il 2030 e ha certificato tutti i suoi stabilimenti secondo la norma ISO 45001 per la salute e sicurezza sul lavoro, con un anno di anticipo rispetto al target fissato. <\/p>\n\n\n<div class=\"cecAdv-banner-wrap\">\n\t<div class=\"cecAdv\"  data-advshow=\"advframe-9578\">\n\t\t<a href=\"https:\/\/www.valmet.com\/it\/insights\/articles\/tissue\/warm-up-next-process-article\/\" target=\"_blank\">\n\t\t\t<img decoding=\"async\" src=\"https:\/\/www.cartaecartiere.com\/wp-content\/uploads\/2025\/08\/Valmet.jpg\" no-lazy\/>\n\t\t<\/a>\n\t<\/div>\n<\/div>\n\n\n\n<p>Nel corso del 2024, Lucart ha inoltre continuato a ridurre il proprio impatto ambientale, abbassando ulteriormente le emissioni specifiche di CO\u2082, che si sono attestate a 387,53 kg CO\u2082 per tonnellata di carta prodotta, rispetto ai 401,27 kg del 2023 (-3,43%). \u00c8 proseguita anche la riduzione del consumo specifico di acqua, sceso a 9,43 m\u00b3\/tonnellata di carta prodotta (-26,8% rispetto al 2013), avvicinandosi all\u2019obiettivo di 9,40 fissato per il 2025. In calo anche il consumo energetico specifico (-2,2% rispetto al 2023). Per quanto riguarda le materie prime fibrose, la composizione si \u00e8 attestata al 46% di fibre vergini e 54% di carta da riciclare, in linea con il target previsto per il 2030 (40% fibre vergini e 60% carta da riciclare). Trend positivo anche per il packaging: dal 2020 il 100% degli imballaggi \u00e8 riciclabile o compostabile e nell\u201982% dei casi contiene oltre il 30% di materiale riciclato.<\/p>\n\n\n\n<h2 class=\"wp-block-heading has-rosso-c-c-color has-text-color has-link-color wp-elements-a7e71d603e49f2425c6bb6977890ba70\">Riconoscimenti internazionali e impegni futuri<\/h2>\n\n\n\n<p>Per il terzo anno consecutivo, Lucart ha ottenuto la medaglia Platinum da Ecovadis, posizionandosi cos\u00ec tra l\u20191% delle aziende pi\u00f9 virtuose al mondo in materia di responsabilit\u00e0 sociale d\u2019impresa. Il Gruppo ha inoltre rafforzato il proprio impegno nella decarbonizzazione aderendo alla <strong>Science Based Target initiative<\/strong> (SBTi), con l\u2019obiettivo di sviluppare una strategia di riduzione delle emissioni di gas a effetto serra basata su evidenze scientifche validate da un ente terzo. Con l\u2019adesione al programma, Lucart si \u00e8 impegnata a presentare, entro la fne del 2025, obiettivi specifici di riduzione delle emissioni dirette (Scope 1), delle emissioni indirette legate all\u2019energia acquistata (Scope 2) e delle emissioni indirette lungo la catena del valore (Scope 3).<\/p>\n\n\n\n<h2 class=\"wp-block-heading has-rosso-c-c-color has-text-color has-link-color wp-elements-e1b1df2bf10707e9f43283452b3e08b9\">Un percorso che continua<\/h2>\n\n\n\n<p>In un contesto geopolitico incerto e con crescenti pressioni legate alla transizione ecologica, Lucart ha confermato la propria volont\u00e0 di proseguire con determinazione verso un modello di impresa circolare e orientato al futuro. Il 20\u00b0 Rapporto di Sostenibilit\u00e0 ha rappresentato una tappa fondamentale di questo cammino, destinato a proseguire con ancora maggiore forza grazie all\u2019entusiasmo delle persone del Gruppo e alle nuove energie portate dal cambiamento.<\/p>\n\n\n<style>\n\t#block_e5c65b0dfa5bc5deb7a2596ef88e45cf{\n\t\tbackground-color: #cbe0d3;\n\t\tcolor:  #009058\t}\n\n\t#block_e5c65b0dfa5bc5deb7a2596ef88e45cf h1,\n\t#block_e5c65b0dfa5bc5deb7a2596ef88e45cf h2,\n\t#block_e5c65b0dfa5bc5deb7a2596ef88e45cf h3,\n\t#block_e5c65b0dfa5bc5deb7a2596ef88e45cf h4,\n\t#block_e5c65b0dfa5bc5deb7a2596ef88e45cf h5,\n\t#block_e5c65b0dfa5bc5deb7a2596ef88e45cf h6{\n\t\tcolor:  \t}\n<\/style>\n<div class=\"clearfix cec-box-informativo p-3\" id=\"block_e5c65b0dfa5bc5deb7a2596ef88e45cf\" style=\"\">\n\t<div class=\"acf-innerblocks-container\">\n\n<figure class=\"wp-block-image alignleft size-full is-resized\"><img loading=\"lazy\" decoding=\"async\" width=\"700\" height=\"700\" src=\"https:\/\/www.cartaecartiere.com\/wp-content\/uploads\/2025\/08\/Lucart-box.jpg\" alt=\"\" class=\"wp-image-9913\" style=\"object-fit:cover;width:350px;height:auto\" srcset=\"https:\/\/www.cartaecartiere.com\/wp-content\/uploads\/2025\/08\/Lucart-box.jpg 700w, https:\/\/www.cartaecartiere.com\/wp-content\/uploads\/2025\/08\/Lucart-box-300x300.jpg 300w, https:\/\/www.cartaecartiere.com\/wp-content\/uploads\/2025\/08\/Lucart-box-150x150.jpg 150w, https:\/\/www.cartaecartiere.com\/wp-content\/uploads\/2025\/08\/Lucart-box-600x600.jpg 600w\" sizes=\"auto, (max-width: 700px) 100vw, 700px\" \/><\/figure>\n\n\n\n<ul class=\"wp-block-list\">\n<li>Fatturato del gruppo Lucart pari a 685 milioni di euro.<\/li>\n\n\n\n<li>Obiettivi gi\u00e0 raggiunti: 90% dei rifiuti prodotti avviati a recupero, 100% degli stabilimenti del gruppo certificati ISO 45001 per salute e sicurezza sul lavoro.<\/li>\n\n\n\n<li>Consumo specifico di acqua: -26,8% rispetto al 2013.\n<ul class=\"wp-block-list\">\n<li>Emissioni specifiche di CO\u2082: 387,53 kg CO\u2082e per tonnellata di carta prodotta e trasformata (-3,43% rispetto al 2023).<\/li>\n<\/ul>\n<\/li>\n<\/ul>\n\n<\/div>\n<\/div>\n","protected":false},"excerpt":{"rendered":"<p>Questa edizione, intitolata \u201cLa nostra visione illumina il futuro\u201d, ha celebrato due decenni di reale impegno su tematiche ambientali, sociali ed economiche, ripercorrendo l\u2019evoluzione di un percorso avviato ben prima che la sostenibilit\u00e0 diventasse una priorit\u00e0 globale. Moderato dalla giornalista e ambientalista Tessa Gelisio, l\u2019evento ha visto la partecipazione di Francesco Pasquini, Amministratore Delegato di &hellip; <a href=\"https:\/\/www.cartaecartiere.com\/en\/lucart-un-modello-di-impresa-circolare-e-orientato-al-futuro\/\">Continued<\/a><\/p>\n","protected":false},"author":3,"featured_media":9583,"comment_status":"closed","ping_status":"closed","sticky":false,"template":"","format":"standard","meta":{"_acf_changed":false,"inline_featured_image":false,"footnotes":""},"categories":[169],"tags":[79],"class_list":["post-9578","post","type-post","status-publish","format-standard","has-post-thumbnail","hentry","category-settembre-2025","tag-aziende"],"acf":[],"_links":{"self":[{"href":"https:\/\/www.cartaecartiere.com\/en\/wp-json\/wp\/v2\/posts\/9578","targetHints":{"allow":["GET"]}}],"collection":[{"href":"https:\/\/www.cartaecartiere.com\/en\/wp-json\/wp\/v2\/posts"}],"about":[{"href":"https:\/\/www.cartaecartiere.com\/en\/wp-json\/wp\/v2\/types\/post"}],"author":[{"embeddable":true,"href":"https:\/\/www.cartaecartiere.com\/en\/wp-json\/wp\/v2\/users\/3"}],"replies":[{"embeddable":true,"href":"https:\/\/www.cartaecartiere.com\/en\/wp-json\/wp\/v2\/comments?post=9578"}],"version-history":[{"count":15,"href":"https:\/\/www.cartaecartiere.com\/en\/wp-json\/wp\/v2\/posts\/9578\/revisions"}],"predecessor-version":[{"id":9966,"href":"https:\/\/www.cartaecartiere.com\/en\/wp-json\/wp\/v2\/posts\/9578\/revisions\/9966"}],"wp:featuredmedia":[{"embeddable":true,"href":"https:\/\/www.cartaecartiere.com\/en\/wp-json\/wp\/v2\/media\/9583"}],"wp:attachment":[{"href":"https:\/\/www.cartaecartiere.com\/en\/wp-json\/wp\/v2\/media?parent=9578"}],"wp:term":[{"taxonomy":"category","embeddable":true,"href":"https:\/\/www.cartaecartiere.com\/en\/wp-json\/wp\/v2\/categories?post=9578"},{"taxonomy":"post_tag","embeddable":true,"href":"https:\/\/www.cartaecartiere.com\/en\/wp-json\/wp\/v2\/tags?post=9578"}],"curies":[{"name":"wp","href":"https:\/\/api.w.org\/{rel}","templated":true}]}}